{"id":2694,"date":"2023-03-23T00:00:48","date_gmt":"2023-03-23T00:00:48","guid":{"rendered":"https:\/\/indpuls.tech\/blog\/mwc-2023-2\/"},"modified":"2025-02-17T12:17:52","modified_gmt":"2025-02-17T12:17:52","slug":"mwc-2023","status":"publish","type":"post","link":"https:\/\/indpuls.tech\/es\/blog\/mwc-2023\/","title":{"rendered":"Visita al MWC 2023 y 4YFN. Conocemos junto a Aleix Valls las principales tendencias \u00a0que marcar\u00e1n \u00a0el presente y futuro de las telecomunicaciones."},"content":{"rendered":"\n<div class=\"omt-prose-container wp-block-omt-prose-container\">\n\n\t<div class=\"acf-innerblocks-container\">\n\n<p><\/p>\n\n\n\n<div\n\tclass=\"omt-image-grid wp-block-omt-image-grid\"\t>\n\t\t\t<div class=\"omt-image-grid__wrapper has-one-img\">\n\t\t\t\t\t\t\t\t<div class=\"omt-image-grid__box\">\n\t\t\t\t\t\t<img decoding=\"async\" width=\"1024\" height=\"283\" src=\"https:\/\/indpuls.tech\/wp-content\/uploads\/2024\/09\/MWC_INDPULS_2.jpg\" class=\"omt-image-grid__img\" alt=\"\" srcset=\"https:\/\/indpuls.tech\/wp-content\/uploads\/2024\/09\/MWC_INDPULS_2.jpg 1024w, https:\/\/indpuls.tech\/wp-content\/uploads\/2024\/09\/MWC_INDPULS_2-300x83.jpg 300w, https:\/\/indpuls.tech\/wp-content\/uploads\/2024\/09\/MWC_INDPULS_2-768x212.jpg 768w, https:\/\/indpuls.tech\/wp-content\/uploads\/2024\/09\/MWC_INDPULS_2-480x133.jpg 480w\" sizes=\"(max-width: 1024px) 100vw, 1024px\" \/>\t\t\t\t\t<\/div>\n\t\t\t\t\t\t\t<\/div>\n\t<\/div>\n\n\n\n<p>Los socios de INDPULS realizaron una&nbsp;<strong>visita guiada en la reciente edici\u00f3n del Mobile World Congress<\/strong>, el mayor evento relacionado con la tecnolog\u00eda y la movilidad que se celebr\u00f3 en Barcelona del 27 de febrero al 2 de marzo de 2023. Durante la visita, organizada por C2G (Change2Grow) y conducida por&nbsp;<strong>Aleix Valls, CEO de Liquid y colaborador de C2G<\/strong>, pudimos conocer los principales pabellones, as\u00ed como las tendencias que marcar\u00e1n el presente y futuro del mundo de las telecomunicaciones.<\/p>\n\n\n\n<p>A continuaci\u00f3n, os compartimos algunos de los aspectos m\u00e1s destacados de la visita:<\/p>\n\n\n\n<h2 class=\"wp-block-heading has-h-5-font-size\" style=\"margin-top:var(--wp--preset--spacing--space-50)\">El 5G ya es presente<\/h2>\n\n\n\n<p>Sin duda el 5G ha sido uno de los grandes protagonistas de esta edici\u00f3n del MWC, ya que esta&nbsp;<strong>nueva conectividad, m\u00e1s r\u00e1pida, con un mayor alcance y menor consumo<\/strong>, supone un componente clave no solo para el mundo de la telefon\u00eda, sino tambi\u00e9n para la rob\u00f3tica, la industria 4.0. y los dispositivos IoT.<\/p>\n\n\n\n<p><\/p>\n\n\n\n<div\n\tclass=\"omt-small-image-content wp-block-omt-small-image-content\"\t>\n\n\t<div class=\"omt-small-image-content__wrapper content-top\">\n\t\t<div class=\"omt-small-image-content__img-block\">\n\t\t\t<img decoding=\"async\" width=\"1024\" height=\"683\" src=\"https:\/\/indpuls.tech\/wp-content\/uploads\/2024\/09\/MWC_INDPULS_3.jpg\" class=\"omt-small-image-content__img\" alt=\"\" srcset=\"https:\/\/indpuls.tech\/wp-content\/uploads\/2024\/09\/MWC_INDPULS_3.jpg 1024w, https:\/\/indpuls.tech\/wp-content\/uploads\/2024\/09\/MWC_INDPULS_3-300x200.jpg 300w, https:\/\/indpuls.tech\/wp-content\/uploads\/2024\/09\/MWC_INDPULS_3-768x512.jpg 768w, https:\/\/indpuls.tech\/wp-content\/uploads\/2024\/09\/MWC_INDPULS_3-480x320.jpg 480w\" sizes=\"(max-width: 1024px) 100vw, 1024px\" \/>\t\t<\/div>\n\t\t<div class=\"omt-small-image-content__details-block\">\n\t\t\t\t\t\t\t<div class=\"omt-small-image-content__details\">\n\t\t\t\t\t<p><strong>Aleix Valls, sobre la tecnolog\u00eda 5G, afirma que <em>\u201c\u00e9sta ser\u00e1 una de las grandes tendencias para los pr\u00f3ximos a\u00f1os, con miles de m\u00e1quinas y equipos de producci\u00f3n conectados a la vez\u00bb.<\/em><\/strong><\/p>\n\t\t\t\t<\/div>\n\t\t\t\t\t\t<\/div>\n\t<\/div>\n<\/div>\n\n\n<h2 class=\"wp-block-heading has-h-5-font-size\" style=\"margin-top:var(--wp--preset--spacing--space-50)\">Edge Computing, una nova arquitectura<\/h2>\n\n\n\n<p>La creciente&nbsp;<strong>implementaci\u00f3n de dispositivos de IoT<\/strong>&nbsp;y la cantidad de datos provenientes de estos dispositivos ha generado un enorme volumen de datos. De la necesidad de poder estructurar estos datos nace el&nbsp;<strong><em>Edge Computing<\/em>, una nueva arquitectura de procesos computacionales<\/strong>&nbsp;que ofrece nuevas ventajas para la industria, como un acceso m\u00e1s r\u00e1pido a la informaci\u00f3n, una mejor rapidez de respuesta y mayor conocimiento.<\/p>\n\n\n\n<h2 class=\"wp-block-heading has-h-5-font-size\" style=\"margin-top:var(--wp--preset--spacing--space-50)\">Inteligencia Artificial Generativa<\/h2>\n\n\n\n<p>La Inteligencia Artificial y en particular la IA generativa fue otro de los aspectos destacados durante la visita. Esta tecnolog\u00eda se ha dado a conocer de forma masiva a ra\u00edz del lanzamiento de&nbsp;<strong>Chat GPT<\/strong>.<\/p>\n\n\n\n<div\n\tclass=\"omt-qoute wp-block-omt-qoute\"\t>\n\t\t\t<div class=\"omt-qoute__wrapper\">\n\t\t\t<div class=\"omt-qoute__deatils-block\">\n\t\t\t\t<p>\n\t\t\t\t\t\t\t\t\t\t\t<em>\u201cLa Inteligencia artificial ir\u00e1 ocupando espacio en la creaci\u00f3n de contenidos, desde informes hasta textos creativos, lo cual plantear\u00e1 grandes cambios en nuestra forma de trabajar y de vivir\u201d<\/em>\n\t\t\t\t\t\t\t\t\t\tcomparte Aleix Valls.\t\t\t\t<\/p>\n\t\t\t<\/div>\n\t\t<\/div>\n\t<\/div>\n\n\n\n<h2 class=\"wp-block-heading has-h-5-font-size\" style=\"margin-top:var(--wp--preset--spacing--space-50)\">4YFN i el seu comprom\u00eds amb les startups<\/h2>\n\n\n\n<div\n\tclass=\"omt-small-image-content wp-block-omt-small-image-content\"\t>\n\n\t<div class=\"omt-small-image-content__wrapper content-top\">\n\t\t<div class=\"omt-small-image-content__img-block\">\n\t\t\t<img decoding=\"async\" width=\"1024\" height=\"683\" src=\"https:\/\/indpuls.tech\/wp-content\/uploads\/2024\/09\/MWC_INDPULS_1.jpg\" class=\"omt-small-image-content__img\" alt=\"\" srcset=\"https:\/\/indpuls.tech\/wp-content\/uploads\/2024\/09\/MWC_INDPULS_1.jpg 1024w, https:\/\/indpuls.tech\/wp-content\/uploads\/2024\/09\/MWC_INDPULS_1-300x200.jpg 300w, https:\/\/indpuls.tech\/wp-content\/uploads\/2024\/09\/MWC_INDPULS_1-768x512.jpg 768w, https:\/\/indpuls.tech\/wp-content\/uploads\/2024\/09\/MWC_INDPULS_1-480x320.jpg 480w\" sizes=\"(max-width: 1024px) 100vw, 1024px\" \/>\t\t<\/div>\n\t\t<div class=\"omt-small-image-content__details-block\">\n\t\t\t\t\t\t\t<div class=\"omt-small-image-content__details\">\n\t\t\t\t\t<p>Otro de los puntos destacados de la visita fue la <strong>zona del 4YFN (<em>4 Years From Now<\/em>), un espacio dedicado espec\u00edficamente a startups<\/strong> donde poner en valor propuestas tecnol\u00f3gicas de empresas emergentes y conectarlas con inversores y empresas. Aleix Valls destac\u00f3 que tanto Catalu\u00f1a como Espa\u00f1a se han situado en los primeros puestos en Europa en cuanto a creaci\u00f3n de startups.<\/p>\n\t\t\t\t<\/div>\n\t\t\t\t\t\t<\/div>\n\t<\/div>\n<\/div>\n\n\n<h2 class=\"wp-block-heading has-h-5-font-size\" style=\"margin-top:var(--wp--preset--spacing--space-50)\">Ahora m\u00e1s que nunca, todo est\u00e1 conectado.<\/h2>\n\n\n\n<p>La conclusi\u00f3n de la visita se resume en la frase \u201cTodo est\u00e1 conectado\u201d. Como sociedad,&nbsp;<strong>estamos avanzando hacia una interconexi\u00f3n cada vez mayor y m\u00e1s intensa<\/strong>&nbsp;entre las personas y los objetos que definitivamente nos permitir\u00e1 nuevas formas de conocimiento y de relacionarnos con los datos.<\/p>\n\n\n\n<div\n\tclass=\"omt-image-grid wp-block-omt-image-grid\"\t>\n\t\t\t<div class=\"omt-image-grid__wrapper has-multiple-img\">\n\t\t\t\t\t\t\t\t<div class=\"omt-image-grid__box\">\n\t\t\t\t\t\t<img decoding=\"async\" width=\"1024\" height=\"1024\" src=\"https:\/\/indpuls.tech\/wp-content\/uploads\/2024\/09\/MWC_1200x1200_OMC1518-1024x1024-1.jpg\" class=\"omt-image-grid__img\" alt=\"\" srcset=\"https:\/\/indpuls.tech\/wp-content\/uploads\/2024\/09\/MWC_1200x1200_OMC1518-1024x1024-1.jpg 1024w, https:\/\/indpuls.tech\/wp-content\/uploads\/2024\/09\/MWC_1200x1200_OMC1518-1024x1024-1-300x300.jpg 300w, https:\/\/indpuls.tech\/wp-content\/uploads\/2024\/09\/MWC_1200x1200_OMC1518-1024x1024-1-150x150.jpg 150w, https:\/\/indpuls.tech\/wp-content\/uploads\/2024\/09\/MWC_1200x1200_OMC1518-1024x1024-1-768x768.jpg 768w, https:\/\/indpuls.tech\/wp-content\/uploads\/2024\/09\/MWC_1200x1200_OMC1518-1024x1024-1-390x390.jpg 390w\" sizes=\"(max-width: 1024px) 100vw, 1024px\" \/>\t\t\t\t\t<\/div>\n\t\t\t\t\t\t\t\t\t\t<div class=\"omt-image-grid__box\">\n\t\t\t\t\t\t<img decoding=\"async\" width=\"1024\" height=\"1024\" src=\"https:\/\/indpuls.tech\/wp-content\/uploads\/2024\/09\/MWW_1200x1200_PCA4493-1024x1024-1.jpg\" class=\"omt-image-grid__img\" alt=\"\" srcset=\"https:\/\/indpuls.tech\/wp-content\/uploads\/2024\/09\/MWW_1200x1200_PCA4493-1024x1024-1.jpg 1024w, https:\/\/indpuls.tech\/wp-content\/uploads\/2024\/09\/MWW_1200x1200_PCA4493-1024x1024-1-300x300.jpg 300w, https:\/\/indpuls.tech\/wp-content\/uploads\/2024\/09\/MWW_1200x1200_PCA4493-1024x1024-1-150x150.jpg 150w, https:\/\/indpuls.tech\/wp-content\/uploads\/2024\/09\/MWW_1200x1200_PCA4493-1024x1024-1-768x768.jpg 768w, https:\/\/indpuls.tech\/wp-content\/uploads\/2024\/09\/MWW_1200x1200_PCA4493-1024x1024-1-390x390.jpg 390w\" sizes=\"(max-width: 1024px) 100vw, 1024px\" \/>\t\t\t\t\t<\/div>\n\t\t\t\t\t\t\t\t\t\t<div class=\"omt-image-grid__box\">\n\t\t\t\t\t\t<img decoding=\"async\" width=\"995\" height=\"995\" src=\"https:\/\/indpuls.tech\/wp-content\/uploads\/2024\/09\/MWC_INDPULS_995x995-1.jpg\" class=\"omt-image-grid__img\" alt=\"\" srcset=\"https:\/\/indpuls.tech\/wp-content\/uploads\/2024\/09\/MWC_INDPULS_995x995-1.jpg 995w, https:\/\/indpuls.tech\/wp-content\/uploads\/2024\/09\/MWC_INDPULS_995x995-1-300x300.jpg 300w, https:\/\/indpuls.tech\/wp-content\/uploads\/2024\/09\/MWC_INDPULS_995x995-1-150x150.jpg 150w, https:\/\/indpuls.tech\/wp-content\/uploads\/2024\/09\/MWC_INDPULS_995x995-1-768x768.jpg 768w, https:\/\/indpuls.tech\/wp-content\/uploads\/2024\/09\/MWC_INDPULS_995x995-1-390x390.jpg 390w\" sizes=\"(max-width: 995px) 100vw, 995px\" \/>\t\t\t\t\t<\/div>\n\t\t\t\t\t\t\t<\/div>\n\t<\/div>\n\n<\/div>\n\n<\/div>\n","protected":false},"excerpt":{"rendered":"<p>Los socios de INDPULS realizaron una visita guiada en la reciente edici\u00f3n del Mobile World Congress, el mayor evento relacionado con la tecnolog\u00eda y la movilidad que se celebr\u00f3 en Barcelona del 27 de febrero al 2 de marzo de \u2026<\/p>\n","protected":false},"author":1,"featured_media":1969,"comment_status":"open","ping_status":"open","sticky":false,"template":"","format":"standard","meta":{"_acf_changed":false,"footnotes":""},"categories":[121],"tags":[],"class_list":["post-2694","post","type-post","status-publish","format-standard","has-post-thumbnail","hentry","category-tech-industry-es"],"acf":[],"yoast_head":"<!-- This site is optimized with the Yoast SEO plugin v27.3 - https:\/\/yoast.com\/product\/yoast-seo-wordpress\/ -->\n<title>Visita al MWC 2023 y 4YFN. Conocemos junto a Aleix Valls las principales tendencias \u00a0que marcar\u00e1n \u00a0el presente y futuro de las telecomunicaciones. - INDPULS | Innovaci\u00f3n colaborativa entre startups y empresas<\/title>\n<meta name=\"robots\" content=\"index, follow, max-snippet:-1, max-image-preview:large, max-video-preview:-1\" \/>\n<link rel=\"canonical\" href=\"https:\/\/indpuls.tech\/blog\/mwc-2023\/\" \/>\n<meta property=\"og:locale\" content=\"es_ES\" \/>\n<meta property=\"og:type\" content=\"article\" \/>\n<meta property=\"og:title\" content=\"Visita al MWC 2023 y 4YFN. Conocemos junto a Aleix Valls las principales tendencias \u00a0que marcar\u00e1n \u00a0el presente y futuro de las telecomunicaciones. - INDPULS | Innovaci\u00f3n colaborativa entre startups y empresas\" \/>\n<meta property=\"og:description\" content=\"Los socios de INDPULS realizaron una visita guiada en la reciente edici\u00f3n del Mobile World Congress, el mayor evento relacionado con la tecnolog\u00eda y la movilidad que se celebr\u00f3 en Barcelona del 27 de febrero al 2 de marzo de \u2026\" \/>\n<meta property=\"og:url\" content=\"https:\/\/indpuls.tech\/blog\/mwc-2023\/\" \/>\n<meta property=\"og:site_name\" content=\"INDPULS | Innovaci\u00f3n colaborativa entre startups y empresas\" \/>\n<meta property=\"article:published_time\" content=\"2023-03-23T00:00:48+00:00\" \/>\n<meta property=\"article:modified_time\" content=\"2025-02-17T12:17:52+00:00\" \/>\n<meta property=\"og:image\" content=\"https:\/\/indpuls.tech\/wp-content\/uploads\/2024\/09\/MWC_INDPULS.jpg\" \/>\n\t<meta property=\"og:image:width\" content=\"1800\" \/>\n\t<meta property=\"og:image:height\" content=\"1200\" \/>\n\t<meta property=\"og:image:type\" content=\"image\/jpeg\" \/>\n<meta name=\"author\" content=\"admin\" \/>\n<meta name=\"twitter:card\" content=\"summary_large_image\" \/>\n<meta name=\"twitter:creator\" content=\"@INDPULS_Tech\" \/>\n<meta name=\"twitter:site\" content=\"@INDPULS_Tech\" \/>\n<meta name=\"twitter:label1\" content=\"Escrito por\" \/>\n\t<meta name=\"twitter:data1\" content=\"admin\" \/>\n\t<meta name=\"twitter:label2\" content=\"Tiempo de lectura\" \/>\n\t<meta name=\"twitter:data2\" content=\"2 minutos\" \/>\n<script type=\"application\/ld+json\" class=\"yoast-schema-graph\">{\"@context\":\"https:\\\/\\\/schema.org\",\"@graph\":[{\"@type\":\"Article\",\"@id\":\"https:\\\/\\\/indpuls.tech\\\/blog\\\/mwc-2023\\\/#article\",\"isPartOf\":{\"@id\":\"https:\\\/\\\/indpuls.tech\\\/blog\\\/mwc-2023\\\/\"},\"author\":{\"name\":\"admin\",\"@id\":\"https:\\\/\\\/indpuls.tech\\\/en\\\/#\\\/schema\\\/person\\\/32648a347120650e984b5fb51270f4ee\"},\"headline\":\"Visita al MWC 2023 y 4YFN. Conocemos junto a Aleix Valls las principales tendencias \u00a0que marcar\u00e1n \u00a0el presente y futuro de las telecomunicaciones.\",\"datePublished\":\"2023-03-23T00:00:48+00:00\",\"dateModified\":\"2025-02-17T12:17:52+00:00\",\"mainEntityOfPage\":{\"@id\":\"https:\\\/\\\/indpuls.tech\\\/blog\\\/mwc-2023\\\/\"},\"wordCount\":374,\"commentCount\":0,\"publisher\":{\"@id\":\"https:\\\/\\\/indpuls.tech\\\/en\\\/#organization\"},\"image\":{\"@id\":\"https:\\\/\\\/indpuls.tech\\\/blog\\\/mwc-2023\\\/#primaryimage\"},\"thumbnailUrl\":\"https:\\\/\\\/indpuls.tech\\\/wp-content\\\/uploads\\\/2024\\\/09\\\/MWC_INDPULS.jpg\",\"articleSection\":[\"Tecnolog\u00eda e industria\"],\"inLanguage\":\"es\"},{\"@type\":\"WebPage\",\"@id\":\"https:\\\/\\\/indpuls.tech\\\/blog\\\/mwc-2023\\\/\",\"url\":\"https:\\\/\\\/indpuls.tech\\\/blog\\\/mwc-2023\\\/\",\"name\":\"Visita al MWC 2023 y 4YFN. Conocemos junto a Aleix Valls las principales tendencias \u00a0que marcar\u00e1n \u00a0el presente y futuro de las telecomunicaciones. - INDPULS | Innovaci\u00f3n colaborativa entre startups y empresas\",\"isPartOf\":{\"@id\":\"https:\\\/\\\/indpuls.tech\\\/en\\\/#website\"},\"primaryImageOfPage\":{\"@id\":\"https:\\\/\\\/indpuls.tech\\\/blog\\\/mwc-2023\\\/#primaryimage\"},\"image\":{\"@id\":\"https:\\\/\\\/indpuls.tech\\\/blog\\\/mwc-2023\\\/#primaryimage\"},\"thumbnailUrl\":\"https:\\\/\\\/indpuls.tech\\\/wp-content\\\/uploads\\\/2024\\\/09\\\/MWC_INDPULS.jpg\",\"datePublished\":\"2023-03-23T00:00:48+00:00\",\"dateModified\":\"2025-02-17T12:17:52+00:00\",\"breadcrumb\":{\"@id\":\"https:\\\/\\\/indpuls.tech\\\/blog\\\/mwc-2023\\\/#breadcrumb\"},\"inLanguage\":\"es\",\"potentialAction\":[{\"@type\":\"ReadAction\",\"target\":[\"https:\\\/\\\/indpuls.tech\\\/blog\\\/mwc-2023\\\/\"]}]},{\"@type\":\"ImageObject\",\"inLanguage\":\"es\",\"@id\":\"https:\\\/\\\/indpuls.tech\\\/blog\\\/mwc-2023\\\/#primaryimage\",\"url\":\"https:\\\/\\\/indpuls.tech\\\/wp-content\\\/uploads\\\/2024\\\/09\\\/MWC_INDPULS.jpg\",\"contentUrl\":\"https:\\\/\\\/indpuls.tech\\\/wp-content\\\/uploads\\\/2024\\\/09\\\/MWC_INDPULS.jpg\",\"width\":1800,\"height\":1200},{\"@type\":\"BreadcrumbList\",\"@id\":\"https:\\\/\\\/indpuls.tech\\\/blog\\\/mwc-2023\\\/#breadcrumb\",\"itemListElement\":[{\"@type\":\"ListItem\",\"position\":1,\"name\":\"Home\",\"item\":\"https:\\\/\\\/indpuls.tech\\\/es\\\/\"},{\"@type\":\"ListItem\",\"position\":2,\"name\":\"Visita al MWC 2023 y 4YFN. Conocemos junto a Aleix Valls las principales tendencias \u00a0que marcar\u00e1n \u00a0el presente y futuro de las telecomunicaciones.\"}]},{\"@type\":\"WebSite\",\"@id\":\"https:\\\/\\\/indpuls.tech\\\/en\\\/#website\",\"url\":\"https:\\\/\\\/indpuls.tech\\\/en\\\/\",\"name\":\"INDPULS\",\"description\":\"En Indpuls apostamos por el compromiso con la innovaci\u00f3n y el crecimiento empresarial sostenible en el nuevo ecosistema digital.\",\"publisher\":{\"@id\":\"https:\\\/\\\/indpuls.tech\\\/en\\\/#organization\"},\"potentialAction\":[{\"@type\":\"SearchAction\",\"target\":{\"@type\":\"EntryPoint\",\"urlTemplate\":\"https:\\\/\\\/indpuls.tech\\\/en\\\/?s={search_term_string}\"},\"query-input\":{\"@type\":\"PropertyValueSpecification\",\"valueRequired\":true,\"valueName\":\"search_term_string\"}}],\"inLanguage\":\"es\"},{\"@type\":\"Organization\",\"@id\":\"https:\\\/\\\/indpuls.tech\\\/en\\\/#organization\",\"name\":\"INDPULS\",\"url\":\"https:\\\/\\\/indpuls.tech\\\/en\\\/\",\"logo\":{\"@type\":\"ImageObject\",\"inLanguage\":\"es\",\"@id\":\"https:\\\/\\\/indpuls.tech\\\/en\\\/#\\\/schema\\\/logo\\\/image\\\/\",\"url\":\"https:\\\/\\\/indpuls.tech\\\/wp-content\\\/uploads\\\/2024\\\/08\\\/header-logo.svg\",\"contentUrl\":\"https:\\\/\\\/indpuls.tech\\\/wp-content\\\/uploads\\\/2024\\\/08\\\/header-logo.svg\",\"width\":204,\"height\":27,\"caption\":\"INDPULS\"},\"image\":{\"@id\":\"https:\\\/\\\/indpuls.tech\\\/en\\\/#\\\/schema\\\/logo\\\/image\\\/\"},\"sameAs\":[\"https:\\\/\\\/x.com\\\/INDPULS_Tech\",\"https:\\\/\\\/www.linkedin.com\\\/company\\\/indpuls-tech\\\/\"]},{\"@type\":\"Person\",\"@id\":\"https:\\\/\\\/indpuls.tech\\\/en\\\/#\\\/schema\\\/person\\\/32648a347120650e984b5fb51270f4ee\",\"name\":\"admin\",\"image\":{\"@type\":\"ImageObject\",\"inLanguage\":\"es\",\"@id\":\"https:\\\/\\\/secure.gravatar.com\\\/avatar\\\/4e7f345f8f84b3b8395fa3dcb4c9d239e1116cf634604c255b2796af980036f2?s=96&d=mm&r=g\",\"url\":\"https:\\\/\\\/secure.gravatar.com\\\/avatar\\\/4e7f345f8f84b3b8395fa3dcb4c9d239e1116cf634604c255b2796af980036f2?s=96&d=mm&r=g\",\"contentUrl\":\"https:\\\/\\\/secure.gravatar.com\\\/avatar\\\/4e7f345f8f84b3b8395fa3dcb4c9d239e1116cf634604c255b2796af980036f2?s=96&d=mm&r=g\",\"caption\":\"admin\"},\"sameAs\":[\"http:\\\/\\\/localhost\\\/indpuls\"]}]}<\/script>\n<!-- \/ Yoast SEO plugin. -->","yoast_head_json":{"title":"Visita al MWC 2023 y 4YFN. Conocemos junto a Aleix Valls las principales tendencias \u00a0que marcar\u00e1n \u00a0el presente y futuro de las telecomunicaciones. - INDPULS | Innovaci\u00f3n colaborativa entre startups y empresas","robots":{"index":"index","follow":"follow","max-snippet":"max-snippet:-1","max-image-preview":"max-image-preview:large","max-video-preview":"max-video-preview:-1"},"canonical":"https:\/\/indpuls.tech\/blog\/mwc-2023\/","og_locale":"es_ES","og_type":"article","og_title":"Visita al MWC 2023 y 4YFN. Conocemos junto a Aleix Valls las principales tendencias \u00a0que marcar\u00e1n \u00a0el presente y futuro de las telecomunicaciones. - INDPULS | Innovaci\u00f3n colaborativa entre startups y empresas","og_description":"Los socios de INDPULS realizaron una visita guiada en la reciente edici\u00f3n del Mobile World Congress, el mayor evento relacionado con la tecnolog\u00eda y la movilidad que se celebr\u00f3 en Barcelona del 27 de febrero al 2 de marzo de \u2026","og_url":"https:\/\/indpuls.tech\/blog\/mwc-2023\/","og_site_name":"INDPULS | Innovaci\u00f3n colaborativa entre startups y empresas","article_published_time":"2023-03-23T00:00:48+00:00","article_modified_time":"2025-02-17T12:17:52+00:00","og_image":[{"width":1800,"height":1200,"url":"https:\/\/indpuls.tech\/wp-content\/uploads\/2024\/09\/MWC_INDPULS.jpg","type":"image\/jpeg"}],"author":"admin","twitter_card":"summary_large_image","twitter_creator":"@INDPULS_Tech","twitter_site":"@INDPULS_Tech","twitter_misc":{"Escrito por":"admin","Tiempo de lectura":"2 minutos"},"schema":{"@context":"https:\/\/schema.org","@graph":[{"@type":"Article","@id":"https:\/\/indpuls.tech\/blog\/mwc-2023\/#article","isPartOf":{"@id":"https:\/\/indpuls.tech\/blog\/mwc-2023\/"},"author":{"name":"admin","@id":"https:\/\/indpuls.tech\/en\/#\/schema\/person\/32648a347120650e984b5fb51270f4ee"},"headline":"Visita al MWC 2023 y 4YFN. Conocemos junto a Aleix Valls las principales tendencias \u00a0que marcar\u00e1n \u00a0el presente y futuro de las telecomunicaciones.","datePublished":"2023-03-23T00:00:48+00:00","dateModified":"2025-02-17T12:17:52+00:00","mainEntityOfPage":{"@id":"https:\/\/indpuls.tech\/blog\/mwc-2023\/"},"wordCount":374,"commentCount":0,"publisher":{"@id":"https:\/\/indpuls.tech\/en\/#organization"},"image":{"@id":"https:\/\/indpuls.tech\/blog\/mwc-2023\/#primaryimage"},"thumbnailUrl":"https:\/\/indpuls.tech\/wp-content\/uploads\/2024\/09\/MWC_INDPULS.jpg","articleSection":["Tecnolog\u00eda e industria"],"inLanguage":"es"},{"@type":"WebPage","@id":"https:\/\/indpuls.tech\/blog\/mwc-2023\/","url":"https:\/\/indpuls.tech\/blog\/mwc-2023\/","name":"Visita al MWC 2023 y 4YFN. Conocemos junto a Aleix Valls las principales tendencias \u00a0que marcar\u00e1n \u00a0el presente y futuro de las telecomunicaciones. - INDPULS | Innovaci\u00f3n colaborativa entre startups y empresas","isPartOf":{"@id":"https:\/\/indpuls.tech\/en\/#website"},"primaryImageOfPage":{"@id":"https:\/\/indpuls.tech\/blog\/mwc-2023\/#primaryimage"},"image":{"@id":"https:\/\/indpuls.tech\/blog\/mwc-2023\/#primaryimage"},"thumbnailUrl":"https:\/\/indpuls.tech\/wp-content\/uploads\/2024\/09\/MWC_INDPULS.jpg","datePublished":"2023-03-23T00:00:48+00:00","dateModified":"2025-02-17T12:17:52+00:00","breadcrumb":{"@id":"https:\/\/indpuls.tech\/blog\/mwc-2023\/#breadcrumb"},"inLanguage":"es","potentialAction":[{"@type":"ReadAction","target":["https:\/\/indpuls.tech\/blog\/mwc-2023\/"]}]},{"@type":"ImageObject","inLanguage":"es","@id":"https:\/\/indpuls.tech\/blog\/mwc-2023\/#primaryimage","url":"https:\/\/indpuls.tech\/wp-content\/uploads\/2024\/09\/MWC_INDPULS.jpg","contentUrl":"https:\/\/indpuls.tech\/wp-content\/uploads\/2024\/09\/MWC_INDPULS.jpg","width":1800,"height":1200},{"@type":"BreadcrumbList","@id":"https:\/\/indpuls.tech\/blog\/mwc-2023\/#breadcrumb","itemListElement":[{"@type":"ListItem","position":1,"name":"Home","item":"https:\/\/indpuls.tech\/es\/"},{"@type":"ListItem","position":2,"name":"Visita al MWC 2023 y 4YFN. Conocemos junto a Aleix Valls las principales tendencias \u00a0que marcar\u00e1n \u00a0el presente y futuro de las telecomunicaciones."}]},{"@type":"WebSite","@id":"https:\/\/indpuls.tech\/en\/#website","url":"https:\/\/indpuls.tech\/en\/","name":"INDPULS","description":"En Indpuls apostamos por el compromiso con la innovaci\u00f3n y el crecimiento empresarial sostenible en el nuevo ecosistema digital.","publisher":{"@id":"https:\/\/indpuls.tech\/en\/#organization"},"potentialAction":[{"@type":"SearchAction","target":{"@type":"EntryPoint","urlTemplate":"https:\/\/indpuls.tech\/en\/?s={search_term_string}"},"query-input":{"@type":"PropertyValueSpecification","valueRequired":true,"valueName":"search_term_string"}}],"inLanguage":"es"},{"@type":"Organization","@id":"https:\/\/indpuls.tech\/en\/#organization","name":"INDPULS","url":"https:\/\/indpuls.tech\/en\/","logo":{"@type":"ImageObject","inLanguage":"es","@id":"https:\/\/indpuls.tech\/en\/#\/schema\/logo\/image\/","url":"https:\/\/indpuls.tech\/wp-content\/uploads\/2024\/08\/header-logo.svg","contentUrl":"https:\/\/indpuls.tech\/wp-content\/uploads\/2024\/08\/header-logo.svg","width":204,"height":27,"caption":"INDPULS"},"image":{"@id":"https:\/\/indpuls.tech\/en\/#\/schema\/logo\/image\/"},"sameAs":["https:\/\/x.com\/INDPULS_Tech","https:\/\/www.linkedin.com\/company\/indpuls-tech\/"]},{"@type":"Person","@id":"https:\/\/indpuls.tech\/en\/#\/schema\/person\/32648a347120650e984b5fb51270f4ee","name":"admin","image":{"@type":"ImageObject","inLanguage":"es","@id":"https:\/\/secure.gravatar.com\/avatar\/4e7f345f8f84b3b8395fa3dcb4c9d239e1116cf634604c255b2796af980036f2?s=96&d=mm&r=g","url":"https:\/\/secure.gravatar.com\/avatar\/4e7f345f8f84b3b8395fa3dcb4c9d239e1116cf634604c255b2796af980036f2?s=96&d=mm&r=g","contentUrl":"https:\/\/secure.gravatar.com\/avatar\/4e7f345f8f84b3b8395fa3dcb4c9d239e1116cf634604c255b2796af980036f2?s=96&d=mm&r=g","caption":"admin"},"sameAs":["http:\/\/localhost\/indpuls"]}]}},"_links":{"self":[{"href":"https:\/\/indpuls.tech\/es\/wp-json\/wp\/v2\/posts\/2694","targetHints":{"allow":["GET"]}}],"collection":[{"href":"https:\/\/indpuls.tech\/es\/wp-json\/wp\/v2\/posts"}],"about":[{"href":"https:\/\/indpuls.tech\/es\/wp-json\/wp\/v2\/types\/post"}],"author":[{"embeddable":true,"href":"https:\/\/indpuls.tech\/es\/wp-json\/wp\/v2\/users\/1"}],"replies":[{"embeddable":true,"href":"https:\/\/indpuls.tech\/es\/wp-json\/wp\/v2\/comments?post=2694"}],"version-history":[{"count":4,"href":"https:\/\/indpuls.tech\/es\/wp-json\/wp\/v2\/posts\/2694\/revisions"}],"predecessor-version":[{"id":5349,"href":"https:\/\/indpuls.tech\/es\/wp-json\/wp\/v2\/posts\/2694\/revisions\/5349"}],"wp:featuredmedia":[{"embeddable":true,"href":"https:\/\/indpuls.tech\/es\/wp-json\/wp\/v2\/media\/1969"}],"wp:attachment":[{"href":"https:\/\/indpuls.tech\/es\/wp-json\/wp\/v2\/media?parent=2694"}],"wp:term":[{"taxonomy":"category","embeddable":true,"href":"https:\/\/indpuls.tech\/es\/wp-json\/wp\/v2\/categories?post=2694"},{"taxonomy":"post_tag","embeddable":true,"href":"https:\/\/indpuls.tech\/es\/wp-json\/wp\/v2\/tags?post=2694"}],"curies":[{"name":"wp","href":"https:\/\/api.w.org\/{rel}","templated":true}]}}