{"id":3055,"date":"2023-11-02T11:17:39","date_gmt":"2023-11-02T11:17:39","guid":{"rendered":"https:\/\/indpuls.tech\/blog\/entrevista-martina-font-cat\/"},"modified":"2025-05-30T10:41:29","modified_gmt":"2025-05-30T10:41:29","slug":"entrevista-martina-font","status":"publish","type":"post","link":"https:\/\/indpuls.tech\/es\/blog\/entrevista-martina-font\/","title":{"rendered":"Hablamos con Martina Font, directora corporativa de Font Packaging Group"},"content":{"rendered":"\n<div class=\"omt-prose-container wp-block-omt-prose-container\">\n\n\t<div class=\"acf-innerblocks-container\">\n\n<p><strong>Font Packaging Group<\/strong>&nbsp;es una empresa que se dedica a la fabricaci\u00f3n de cart\u00f3n ondulado, cajas de cart\u00f3n y embalaje desde el 1954, y&nbsp; se han&nbsp;<strong>consolidado como especialistas en embalaje de \u00faltima generaci\u00f3n<\/strong>&nbsp;gracias a su compromiso con la innovaci\u00f3n, implantando los \u00faltimos avances y tendencias en embalaje. Cuenta con 5 plantas de producci\u00f3n en las que trabajan m\u00e1s de 200 profesionales para 6.000 clientes.<\/p>\n\n\n\n<div\n\tclass=\"omt-image-content wp-block-omt-image-content\"\t>\n\n\t<div class=\"omt-image-content__wrapper\">\n\t\t<div class=\"omt-image-content__img-block\">\n\t\t\t<img decoding=\"async\" width=\"1024\" height=\"731\" src=\"https:\/\/indpuls.tech\/wp-content\/uploads\/2024\/09\/entrevista-martina-font-packaging.jpg\" class=\"omt-image-content__img\" alt=\"\" srcset=\"https:\/\/indpuls.tech\/wp-content\/uploads\/2024\/09\/entrevista-martina-font-packaging.jpg 1024w, https:\/\/indpuls.tech\/wp-content\/uploads\/2024\/09\/entrevista-martina-font-packaging-300x214.jpg 300w, https:\/\/indpuls.tech\/wp-content\/uploads\/2024\/09\/entrevista-martina-font-packaging-768x548.jpg 768w, https:\/\/indpuls.tech\/wp-content\/uploads\/2024\/09\/entrevista-martina-font-packaging-480x343.jpg 480w\" sizes=\"(max-width: 1024px) 100vw, 1024px\" \/>\n\t\t<\/div>\n\t\t<div class=\"omt-image-content__deatils-block\">\n\t\t\t<p><em>\u00abLa Innovaci\u00f3n es uno de los pilares fundamentales de nuestra empresa. Estamos convencidos de que no podemos ser competitivos si el tejido industrial de este pa\u00eds no innova conjuntamente.\u00bb<\/em> Martina Font, directora corporativa de Font Packaging Group<\/p>\n\t\t<\/div>\n\t<\/div>\n<\/div>\n\n\n\n<p><strong>Martina Font<\/strong>\u00a0es la\u00a0<strong>Directora Corporativa de Font Packaging Group<\/strong>, CEO de Kartox, Presidenta del Packaging Cluster, y Vicepresidenta 2a de la Cambra de Comer\u00e7 de Barcelona. Hablamos con ella, en un nuevo\u00a0<strong>INDPULSTALKS<\/strong>\u00a0(Ciclo de entrevistas con la comunidad INDPULS), sobre\u00a0<strong>innovaci\u00f3n colaborativa<\/strong>, la creaci\u00f3n de\u00a0<strong>FONTLAB<\/strong>, c\u00f3mo involucrar a los trabajadores en los procesos de innovaci\u00f3n y porqu\u00e9 decidieron formar parte del ecosistema de INDPULS.<\/p>\n\n\n\n<h2 class=\"wp-block-heading has-h-5-font-size\" style=\"margin-top:var(--wp--preset--spacing--space-50)\">\u00bfQu\u00e9 papel juega la innovaci\u00f3n colaborativa en su empresa?<\/h2>\n\n\n\n<p>Desde sus inicios, la Innovaci\u00f3n forma parte del ADN de Font Packaging. Estamos totalmente convencidos de que la Innovaci\u00f3n marca la diferencia en los negocios y por eso creamos FONTLAB, para crear una empresa puntera de I+D en Packaging.<\/p>\n\n\n\n<p>Dentro de FONTLAB, la innovaci\u00f3n colaborativa para nosotros es clave, pues nos permite conseguir retos que nosotros solos nunca habr\u00edamos conseguido. Desde hace muchos a\u00f1os, estamos en contacto con Asociaciones, Universidades, Centros de Investigaci\u00f3n\u2026 y esto nos da muchas visiones diferentes, que son vitales si queremos crear una empresa en la que la Innovaci\u00f3n sea un puntal de crecimiento muy importante.<\/p>\n\n\n\n<h2 class=\"wp-block-heading has-h-5-font-size\" style=\"margin-top:var(--wp--preset--spacing--space-50)\">\u00bfQu\u00e9 estrategias y herramientas utiliz\u00e1is para identificar oportunidades de innovaci\u00f3n y para involucrar a los trabajadores en el proceso de generaci\u00f3n de ideas?<\/h2>\n\n\n\n<p>FONTLAB tiene un componente interno y externo.<\/p>\n\n\n\n<p>A nivel interno, analizamos productos, procesos y estructura de toda la empresa para mejorar nuestro rendimiento en todos los \u00e1mbitos, creando una innovaci\u00f3n continua en todos los departamentos. Todo esto nos ha permitido crear nuestra propia tecnolog\u00eda, investigar en nuevos materiales y crear modelos de utilidad y patentes. Al final, la Innovaci\u00f3n debe convertirse en productos y servicios que el mercado valore, sino no tiene ning\u00fan sentido.<\/p>\n\n\n\n<p>A nivel externo, estar en la asociaci\u00f3n INDPULS y otras asociaciones nos permite avanzar en t\u00e9rminos de innovaci\u00f3n.<\/p>\n\n\n\n<h2 class=\"wp-block-heading has-h-5-font-size\" style=\"margin-top:var(--wp--preset--spacing--space-50)\">\u00bfCu\u00e1les son los retos m\u00e1s comunes que afront\u00e1is al promover la innovaci\u00f3n colaborativa en el entorno empresarial actual?<\/h2>\n\n\n\n<p>Actualmente los retos m\u00e1s comunes son la Sostenibilidad y la Digitalizaci\u00f3n. Nuestro objetivo es tener una producci\u00f3n eficiente y flexible con un compromiso total con el medio ambiente. Por eso, desde FONTLAB se cre\u00f3 FONTECOPACK, que es nuestro compromiso por impulsar un cambio positivo en el medio ambiente, tanto de nuestra empresa como la de nuestros clientes.<\/p>\n\n\n\n<h2 class=\"wp-block-heading has-h-5-font-size\" style=\"margin-top:var(--wp--preset--spacing--space-50)\">\u00bfC\u00f3mo imaginas el futuro del ecosistema industrial?<\/h2>\n\n\n\n<p>No me cabe duda de que, en el mundo actual, el futuro es colaborativo. El futuro es innovar en todos los \u00e1mbitos de la empresa (productos, procesos, servicios) y colaborar con muchas entidades para unificar fuerzas y desarrollar sinergias que sirvan para todo el tejido industrial.<\/p>\n\n\n\n<h2 class=\"wp-block-heading has-h-5-font-size\" style=\"margin-top:var(--wp--preset--spacing--space-50)\">\u00bfPor qu\u00e9 decidi\u00f3 formar parte de un ecosistema como INDPULS?<\/h2>\n\n\n\n<p>Como ya he comentado, la Innovaci\u00f3n es uno de los pilares fundamentales de nuestra empresa. Estamos convencidos de que no podemos ser competitivos si el tejido industrial de ese pa\u00eds no innova conjuntamente. Por eso, la asociaci\u00f3n INDPULS fue un regalo para nuestra empresa, pues nos permite ver las realidades actuales de cada empresa, c\u00f3mo lo afrontan y c\u00f3mo pueden colaborar e innovar conjuntamente.<\/p>\n\n\n\n<div style=\"height:28px\" aria-hidden=\"true\" class=\"wp-block-spacer\"><\/div>\n\n\n\n<p><strong>Esta entrevista forma parte del ciclo INDPULSTALKS<\/strong>, nuestro espacio de conversaci\u00f3n con la comunidad INDPULS, en las que abordamos diversas tem\u00e1ticas vinculadas al sector industrial, la innovaci\u00f3n, la sostenibilidad y el management, entre otros \u00e1mbitos relevantes.<\/p>\n\n<\/div>\n\n<\/div>\n","protected":false},"excerpt":{"rendered":"<p>Font Packaging Group es una empresa que se dedica a la fabricaci\u00f3n de cart\u00f3n ondulado, cajas de cart\u00f3n y embalaje desde el 1954, y  se han consolidado como especialistas en embalaje de \u00faltima generaci\u00f3n gracias a su compromiso con la \u2026<\/p>\n","protected":false},"author":1,"featured_media":2113,"comment_status":"open","ping_status":"open","sticky":false,"template":"","format":"standard","meta":{"_acf_changed":false,"footnotes":""},"categories":[118,37],"tags":[],"class_list":["post-3055","post","type-post","status-publish","format-standard","has-post-thumbnail","hentry","category-interviews","category-indpuls_partners_es"],"acf":[],"yoast_head":"<!-- This site is optimized with the Yoast SEO plugin v27.3 - https:\/\/yoast.com\/product\/yoast-seo-wordpress\/ -->\n<title>Hablamos con Martina Font, directora corporativa de Font Packaging Group - INDPULS | Innovaci\u00f3n colaborativa entre startups y empresas<\/title>\n<meta name=\"description\" content=\"INDPULSTALKS con Martina Font,\u00a0Directora Corporativa de Font Packaging Group, sobre\u00a0innovaci\u00f3n colaborativa...\" \/>\n<meta name=\"robots\" content=\"index, follow, max-snippet:-1, max-image-preview:large, max-video-preview:-1\" \/>\n<link rel=\"canonical\" href=\"https:\/\/indpuls.tech\/blog\/entrevista-martina-font\/\" \/>\n<meta property=\"og:locale\" content=\"es_ES\" \/>\n<meta property=\"og:type\" content=\"article\" \/>\n<meta property=\"og:title\" content=\"Hablamos con Martina Font, directora corporativa de Font Packaging Group - INDPULS | Innovaci\u00f3n colaborativa entre startups y empresas\" \/>\n<meta property=\"og:description\" content=\"INDPULSTALKS con Martina Font,\u00a0Directora Corporativa de Font Packaging Group, sobre\u00a0innovaci\u00f3n colaborativa...\" \/>\n<meta property=\"og:url\" content=\"https:\/\/indpuls.tech\/blog\/entrevista-martina-font\/\" \/>\n<meta property=\"og:site_name\" content=\"INDPULS | Innovaci\u00f3n colaborativa entre startups y empresas\" \/>\n<meta property=\"article:published_time\" content=\"2023-11-02T11:17:39+00:00\" \/>\n<meta property=\"article:modified_time\" content=\"2025-05-30T10:41:29+00:00\" \/>\n<meta property=\"og:image\" content=\"https:\/\/indpuls.tech\/wp-content\/uploads\/2024\/09\/entrevista-martina-font-packaging-1.jpg\" \/>\n\t<meta property=\"og:image:width\" content=\"1200\" \/>\n\t<meta property=\"og:image:height\" content=\"857\" \/>\n\t<meta property=\"og:image:type\" content=\"image\/jpeg\" \/>\n<meta name=\"author\" content=\"admin\" \/>\n<meta name=\"twitter:card\" content=\"summary_large_image\" \/>\n<meta name=\"twitter:creator\" content=\"@INDPULS_Tech\" \/>\n<meta name=\"twitter:site\" content=\"@INDPULS_Tech\" \/>\n<meta name=\"twitter:label1\" content=\"Escrito por\" \/>\n\t<meta name=\"twitter:data1\" content=\"admin\" \/>\n\t<meta name=\"twitter:label2\" content=\"Tiempo de lectura\" \/>\n\t<meta name=\"twitter:data2\" content=\"4 minutos\" \/>\n<script type=\"application\/ld+json\" class=\"yoast-schema-graph\">{\"@context\":\"https:\\\/\\\/schema.org\",\"@graph\":[{\"@type\":\"Article\",\"@id\":\"https:\\\/\\\/indpuls.tech\\\/blog\\\/entrevista-martina-font\\\/#article\",\"isPartOf\":{\"@id\":\"https:\\\/\\\/indpuls.tech\\\/blog\\\/entrevista-martina-font\\\/\"},\"author\":{\"name\":\"admin\",\"@id\":\"https:\\\/\\\/indpuls.tech\\\/en\\\/#\\\/schema\\\/person\\\/32648a347120650e984b5fb51270f4ee\"},\"headline\":\"Hablamos con Martina Font, directora corporativa de Font Packaging Group\",\"datePublished\":\"2023-11-02T11:17:39+00:00\",\"dateModified\":\"2025-05-30T10:41:29+00:00\",\"mainEntityOfPage\":{\"@id\":\"https:\\\/\\\/indpuls.tech\\\/blog\\\/entrevista-martina-font\\\/\"},\"wordCount\":651,\"commentCount\":0,\"publisher\":{\"@id\":\"https:\\\/\\\/indpuls.tech\\\/en\\\/#organization\"},\"image\":{\"@id\":\"https:\\\/\\\/indpuls.tech\\\/blog\\\/entrevista-martina-font\\\/#primaryimage\"},\"thumbnailUrl\":\"https:\\\/\\\/indpuls.tech\\\/wp-content\\\/uploads\\\/2024\\\/09\\\/entrevista-martina-font-packaging-1.jpg\",\"articleSection\":[\"Entrevistas\",\"Socios INDPULS\"],\"inLanguage\":\"es\"},{\"@type\":\"WebPage\",\"@id\":\"https:\\\/\\\/indpuls.tech\\\/blog\\\/entrevista-martina-font\\\/\",\"url\":\"https:\\\/\\\/indpuls.tech\\\/blog\\\/entrevista-martina-font\\\/\",\"name\":\"Hablamos con Martina Font, directora corporativa de Font Packaging Group - INDPULS | Innovaci\u00f3n colaborativa entre startups y empresas\",\"isPartOf\":{\"@id\":\"https:\\\/\\\/indpuls.tech\\\/en\\\/#website\"},\"primaryImageOfPage\":{\"@id\":\"https:\\\/\\\/indpuls.tech\\\/blog\\\/entrevista-martina-font\\\/#primaryimage\"},\"image\":{\"@id\":\"https:\\\/\\\/indpuls.tech\\\/blog\\\/entrevista-martina-font\\\/#primaryimage\"},\"thumbnailUrl\":\"https:\\\/\\\/indpuls.tech\\\/wp-content\\\/uploads\\\/2024\\\/09\\\/entrevista-martina-font-packaging-1.jpg\",\"datePublished\":\"2023-11-02T11:17:39+00:00\",\"dateModified\":\"2025-05-30T10:41:29+00:00\",\"description\":\"INDPULSTALKS con Martina Font,\u00a0Directora Corporativa de Font Packaging Group, sobre\u00a0innovaci\u00f3n colaborativa...\",\"breadcrumb\":{\"@id\":\"https:\\\/\\\/indpuls.tech\\\/blog\\\/entrevista-martina-font\\\/#breadcrumb\"},\"inLanguage\":\"es\",\"potentialAction\":[{\"@type\":\"ReadAction\",\"target\":[\"https:\\\/\\\/indpuls.tech\\\/blog\\\/entrevista-martina-font\\\/\"]}]},{\"@type\":\"ImageObject\",\"inLanguage\":\"es\",\"@id\":\"https:\\\/\\\/indpuls.tech\\\/blog\\\/entrevista-martina-font\\\/#primaryimage\",\"url\":\"https:\\\/\\\/indpuls.tech\\\/wp-content\\\/uploads\\\/2024\\\/09\\\/entrevista-martina-font-packaging-1.jpg\",\"contentUrl\":\"https:\\\/\\\/indpuls.tech\\\/wp-content\\\/uploads\\\/2024\\\/09\\\/entrevista-martina-font-packaging-1.jpg\",\"width\":1200,\"height\":857},{\"@type\":\"BreadcrumbList\",\"@id\":\"https:\\\/\\\/indpuls.tech\\\/blog\\\/entrevista-martina-font\\\/#breadcrumb\",\"itemListElement\":[{\"@type\":\"ListItem\",\"position\":1,\"name\":\"Home\",\"item\":\"https:\\\/\\\/indpuls.tech\\\/es\\\/\"},{\"@type\":\"ListItem\",\"position\":2,\"name\":\"Hablamos con Martina Font, directora corporativa de Font Packaging Group\"}]},{\"@type\":\"WebSite\",\"@id\":\"https:\\\/\\\/indpuls.tech\\\/en\\\/#website\",\"url\":\"https:\\\/\\\/indpuls.tech\\\/en\\\/\",\"name\":\"INDPULS\",\"description\":\"En Indpuls apostamos por el compromiso con la innovaci\u00f3n y el crecimiento empresarial sostenible en el nuevo ecosistema digital.\",\"publisher\":{\"@id\":\"https:\\\/\\\/indpuls.tech\\\/en\\\/#organization\"},\"potentialAction\":[{\"@type\":\"SearchAction\",\"target\":{\"@type\":\"EntryPoint\",\"urlTemplate\":\"https:\\\/\\\/indpuls.tech\\\/en\\\/?s={search_term_string}\"},\"query-input\":{\"@type\":\"PropertyValueSpecification\",\"valueRequired\":true,\"valueName\":\"search_term_string\"}}],\"inLanguage\":\"es\"},{\"@type\":\"Organization\",\"@id\":\"https:\\\/\\\/indpuls.tech\\\/en\\\/#organization\",\"name\":\"INDPULS\",\"url\":\"https:\\\/\\\/indpuls.tech\\\/en\\\/\",\"logo\":{\"@type\":\"ImageObject\",\"inLanguage\":\"es\",\"@id\":\"https:\\\/\\\/indpuls.tech\\\/en\\\/#\\\/schema\\\/logo\\\/image\\\/\",\"url\":\"https:\\\/\\\/indpuls.tech\\\/wp-content\\\/uploads\\\/2024\\\/08\\\/header-logo.svg\",\"contentUrl\":\"https:\\\/\\\/indpuls.tech\\\/wp-content\\\/uploads\\\/2024\\\/08\\\/header-logo.svg\",\"width\":204,\"height\":27,\"caption\":\"INDPULS\"},\"image\":{\"@id\":\"https:\\\/\\\/indpuls.tech\\\/en\\\/#\\\/schema\\\/logo\\\/image\\\/\"},\"sameAs\":[\"https:\\\/\\\/x.com\\\/INDPULS_Tech\",\"https:\\\/\\\/www.linkedin.com\\\/company\\\/indpuls-tech\\\/\"]},{\"@type\":\"Person\",\"@id\":\"https:\\\/\\\/indpuls.tech\\\/en\\\/#\\\/schema\\\/person\\\/32648a347120650e984b5fb51270f4ee\",\"name\":\"admin\",\"image\":{\"@type\":\"ImageObject\",\"inLanguage\":\"es\",\"@id\":\"https:\\\/\\\/secure.gravatar.com\\\/avatar\\\/4e7f345f8f84b3b8395fa3dcb4c9d239e1116cf634604c255b2796af980036f2?s=96&d=mm&r=g\",\"url\":\"https:\\\/\\\/secure.gravatar.com\\\/avatar\\\/4e7f345f8f84b3b8395fa3dcb4c9d239e1116cf634604c255b2796af980036f2?s=96&d=mm&r=g\",\"contentUrl\":\"https:\\\/\\\/secure.gravatar.com\\\/avatar\\\/4e7f345f8f84b3b8395fa3dcb4c9d239e1116cf634604c255b2796af980036f2?s=96&d=mm&r=g\",\"caption\":\"admin\"},\"sameAs\":[\"http:\\\/\\\/localhost\\\/indpuls\"]}]}<\/script>\n<!-- \/ Yoast SEO plugin. -->","yoast_head_json":{"title":"Hablamos con Martina Font, directora corporativa de Font Packaging Group - INDPULS | Innovaci\u00f3n colaborativa entre startups y empresas","description":"INDPULSTALKS con Martina Font,\u00a0Directora Corporativa de Font Packaging Group, sobre\u00a0innovaci\u00f3n colaborativa...","robots":{"index":"index","follow":"follow","max-snippet":"max-snippet:-1","max-image-preview":"max-image-preview:large","max-video-preview":"max-video-preview:-1"},"canonical":"https:\/\/indpuls.tech\/blog\/entrevista-martina-font\/","og_locale":"es_ES","og_type":"article","og_title":"Hablamos con Martina Font, directora corporativa de Font Packaging Group - INDPULS | Innovaci\u00f3n colaborativa entre startups y empresas","og_description":"INDPULSTALKS con Martina Font,\u00a0Directora Corporativa de Font Packaging Group, sobre\u00a0innovaci\u00f3n colaborativa...","og_url":"https:\/\/indpuls.tech\/blog\/entrevista-martina-font\/","og_site_name":"INDPULS | Innovaci\u00f3n colaborativa entre startups y empresas","article_published_time":"2023-11-02T11:17:39+00:00","article_modified_time":"2025-05-30T10:41:29+00:00","og_image":[{"width":1200,"height":857,"url":"https:\/\/indpuls.tech\/wp-content\/uploads\/2024\/09\/entrevista-martina-font-packaging-1.jpg","type":"image\/jpeg"}],"author":"admin","twitter_card":"summary_large_image","twitter_creator":"@INDPULS_Tech","twitter_site":"@INDPULS_Tech","twitter_misc":{"Escrito por":"admin","Tiempo de lectura":"4 minutos"},"schema":{"@context":"https:\/\/schema.org","@graph":[{"@type":"Article","@id":"https:\/\/indpuls.tech\/blog\/entrevista-martina-font\/#article","isPartOf":{"@id":"https:\/\/indpuls.tech\/blog\/entrevista-martina-font\/"},"author":{"name":"admin","@id":"https:\/\/indpuls.tech\/en\/#\/schema\/person\/32648a347120650e984b5fb51270f4ee"},"headline":"Hablamos con Martina Font, directora corporativa de Font Packaging Group","datePublished":"2023-11-02T11:17:39+00:00","dateModified":"2025-05-30T10:41:29+00:00","mainEntityOfPage":{"@id":"https:\/\/indpuls.tech\/blog\/entrevista-martina-font\/"},"wordCount":651,"commentCount":0,"publisher":{"@id":"https:\/\/indpuls.tech\/en\/#organization"},"image":{"@id":"https:\/\/indpuls.tech\/blog\/entrevista-martina-font\/#primaryimage"},"thumbnailUrl":"https:\/\/indpuls.tech\/wp-content\/uploads\/2024\/09\/entrevista-martina-font-packaging-1.jpg","articleSection":["Entrevistas","Socios INDPULS"],"inLanguage":"es"},{"@type":"WebPage","@id":"https:\/\/indpuls.tech\/blog\/entrevista-martina-font\/","url":"https:\/\/indpuls.tech\/blog\/entrevista-martina-font\/","name":"Hablamos con Martina Font, directora corporativa de Font Packaging Group - INDPULS | Innovaci\u00f3n colaborativa entre startups y empresas","isPartOf":{"@id":"https:\/\/indpuls.tech\/en\/#website"},"primaryImageOfPage":{"@id":"https:\/\/indpuls.tech\/blog\/entrevista-martina-font\/#primaryimage"},"image":{"@id":"https:\/\/indpuls.tech\/blog\/entrevista-martina-font\/#primaryimage"},"thumbnailUrl":"https:\/\/indpuls.tech\/wp-content\/uploads\/2024\/09\/entrevista-martina-font-packaging-1.jpg","datePublished":"2023-11-02T11:17:39+00:00","dateModified":"2025-05-30T10:41:29+00:00","description":"INDPULSTALKS con Martina Font,\u00a0Directora Corporativa de Font Packaging Group, sobre\u00a0innovaci\u00f3n colaborativa...","breadcrumb":{"@id":"https:\/\/indpuls.tech\/blog\/entrevista-martina-font\/#breadcrumb"},"inLanguage":"es","potentialAction":[{"@type":"ReadAction","target":["https:\/\/indpuls.tech\/blog\/entrevista-martina-font\/"]}]},{"@type":"ImageObject","inLanguage":"es","@id":"https:\/\/indpuls.tech\/blog\/entrevista-martina-font\/#primaryimage","url":"https:\/\/indpuls.tech\/wp-content\/uploads\/2024\/09\/entrevista-martina-font-packaging-1.jpg","contentUrl":"https:\/\/indpuls.tech\/wp-content\/uploads\/2024\/09\/entrevista-martina-font-packaging-1.jpg","width":1200,"height":857},{"@type":"BreadcrumbList","@id":"https:\/\/indpuls.tech\/blog\/entrevista-martina-font\/#breadcrumb","itemListElement":[{"@type":"ListItem","position":1,"name":"Home","item":"https:\/\/indpuls.tech\/es\/"},{"@type":"ListItem","position":2,"name":"Hablamos con Martina Font, directora corporativa de Font Packaging Group"}]},{"@type":"WebSite","@id":"https:\/\/indpuls.tech\/en\/#website","url":"https:\/\/indpuls.tech\/en\/","name":"INDPULS","description":"En Indpuls apostamos por el compromiso con la innovaci\u00f3n y el crecimiento empresarial sostenible en el nuevo ecosistema digital.","publisher":{"@id":"https:\/\/indpuls.tech\/en\/#organization"},"potentialAction":[{"@type":"SearchAction","target":{"@type":"EntryPoint","urlTemplate":"https:\/\/indpuls.tech\/en\/?s={search_term_string}"},"query-input":{"@type":"PropertyValueSpecification","valueRequired":true,"valueName":"search_term_string"}}],"inLanguage":"es"},{"@type":"Organization","@id":"https:\/\/indpuls.tech\/en\/#organization","name":"INDPULS","url":"https:\/\/indpuls.tech\/en\/","logo":{"@type":"ImageObject","inLanguage":"es","@id":"https:\/\/indpuls.tech\/en\/#\/schema\/logo\/image\/","url":"https:\/\/indpuls.tech\/wp-content\/uploads\/2024\/08\/header-logo.svg","contentUrl":"https:\/\/indpuls.tech\/wp-content\/uploads\/2024\/08\/header-logo.svg","width":204,"height":27,"caption":"INDPULS"},"image":{"@id":"https:\/\/indpuls.tech\/en\/#\/schema\/logo\/image\/"},"sameAs":["https:\/\/x.com\/INDPULS_Tech","https:\/\/www.linkedin.com\/company\/indpuls-tech\/"]},{"@type":"Person","@id":"https:\/\/indpuls.tech\/en\/#\/schema\/person\/32648a347120650e984b5fb51270f4ee","name":"admin","image":{"@type":"ImageObject","inLanguage":"es","@id":"https:\/\/secure.gravatar.com\/avatar\/4e7f345f8f84b3b8395fa3dcb4c9d239e1116cf634604c255b2796af980036f2?s=96&d=mm&r=g","url":"https:\/\/secure.gravatar.com\/avatar\/4e7f345f8f84b3b8395fa3dcb4c9d239e1116cf634604c255b2796af980036f2?s=96&d=mm&r=g","contentUrl":"https:\/\/secure.gravatar.com\/avatar\/4e7f345f8f84b3b8395fa3dcb4c9d239e1116cf634604c255b2796af980036f2?s=96&d=mm&r=g","caption":"admin"},"sameAs":["http:\/\/localhost\/indpuls"]}]}},"_links":{"self":[{"href":"https:\/\/indpuls.tech\/es\/wp-json\/wp\/v2\/posts\/3055","targetHints":{"allow":["GET"]}}],"collection":[{"href":"https:\/\/indpuls.tech\/es\/wp-json\/wp\/v2\/posts"}],"about":[{"href":"https:\/\/indpuls.tech\/es\/wp-json\/wp\/v2\/types\/post"}],"author":[{"embeddable":true,"href":"https:\/\/indpuls.tech\/es\/wp-json\/wp\/v2\/users\/1"}],"replies":[{"embeddable":true,"href":"https:\/\/indpuls.tech\/es\/wp-json\/wp\/v2\/comments?post=3055"}],"version-history":[{"count":6,"href":"https:\/\/indpuls.tech\/es\/wp-json\/wp\/v2\/posts\/3055\/revisions"}],"predecessor-version":[{"id":6665,"href":"https:\/\/indpuls.tech\/es\/wp-json\/wp\/v2\/posts\/3055\/revisions\/6665"}],"wp:featuredmedia":[{"embeddable":true,"href":"https:\/\/indpuls.tech\/es\/wp-json\/wp\/v2\/media\/2113"}],"wp:attachment":[{"href":"https:\/\/indpuls.tech\/es\/wp-json\/wp\/v2\/media?parent=3055"}],"wp:term":[{"taxonomy":"category","embeddable":true,"href":"https:\/\/indpuls.tech\/es\/wp-json\/wp\/v2\/categories?post=3055"},{"taxonomy":"post_tag","embeddable":true,"href":"https:\/\/indpuls.tech\/es\/wp-json\/wp\/v2\/tags?post=3055"}],"curies":[{"name":"wp","href":"https:\/\/api.w.org\/{rel}","templated":true}]}}