{"id":3078,"date":"2023-11-29T12:38:41","date_gmt":"2023-11-29T12:38:41","guid":{"rendered":"https:\/\/indpuls.tech\/blog\/carinsa-premis-emprenedoria\/"},"modified":"2025-02-17T12:38:33","modified_gmt":"2025-02-17T12:38:33","slug":"carinsa-premios-emprendimiento","status":"publish","type":"post","link":"https:\/\/indpuls.tech\/es\/blog\/carinsa-premios-emprendimiento\/","title":{"rendered":"Grupo Carinsa presenta sus Premios al emprendimiento en la celebraci\u00f3n de su 30 aniversario"},"content":{"rendered":"\n<div class=\"omt-prose-container wp-block-omt-prose-container\">\n\n\t<div class=\"acf-innerblocks-container\">\n\n<p>El pasado 27 de octubre&nbsp;<strong>celebramos el 30 aniversario de&nbsp;<a target=\"_blank\" href=\"https:\/\/www.carinsa.com\/\" rel=\"noreferrer noopener\">Grupo Carinsa<\/a><\/strong>, empresa que forma parte de&nbsp;<strong>INDPULS<\/strong>, acompa\u00f1ados de m\u00e1s de 300 personas en el Palacio de Pedralbes de Barcelona.&nbsp;<\/p>\n\n\n\n<p>La empresa que dirigen las hermanas&nbsp;<strong>Vanesa y Denia Mart\u00ednez<\/strong>, conmemor\u00f3 los 30 a\u00f1os de la fundaci\u00f3n de la empresa creada por su padre,&nbsp;<strong>Alberto Martinez,<\/strong>&nbsp;presentando las bases de los&nbsp;<strong>Premios al emprendimiento del Instituto Alberto Mart\u00ednez Ortega<\/strong><strong>.&nbsp;<\/strong>Estos galardones tienen el objetivo de reconocer a aquellas&nbsp;<strong>startups,<\/strong>&nbsp;<strong>proyectos, iniciativas, y\/o personas que destacan por su contribuci\u00f3n al desarrollo e innovaci\u00f3n de Carinsa<\/strong>, sus productos y sus clientes. De hecho, ponen en valor uno de los prop\u00f3sitos del Instituto Alberto Mart\u00ednez: impulsar el&nbsp;<strong>emprendimiento<\/strong><strong>.<\/strong><\/p>\n\n\n\n<div\n\tclass=\"omt-small-image-content wp-block-omt-small-image-content\"\t>\n\n\t<div class=\"omt-small-image-content__wrapper content-top\">\n\t\t<div class=\"omt-small-image-content__img-block\">\n\t\t\t<img decoding=\"async\" width=\"800\" height=\"800\" src=\"https:\/\/indpuls.tech\/wp-content\/uploads\/2024\/09\/INDPULS-BLOG-CARINSA-1.jpg\" class=\"omt-small-image-content__img\" alt=\"\" srcset=\"https:\/\/indpuls.tech\/wp-content\/uploads\/2024\/09\/INDPULS-BLOG-CARINSA-1.jpg 800w, https:\/\/indpuls.tech\/wp-content\/uploads\/2024\/09\/INDPULS-BLOG-CARINSA-1-300x300.jpg 300w, https:\/\/indpuls.tech\/wp-content\/uploads\/2024\/09\/INDPULS-BLOG-CARINSA-1-150x150.jpg 150w, https:\/\/indpuls.tech\/wp-content\/uploads\/2024\/09\/INDPULS-BLOG-CARINSA-1-768x768.jpg 768w, https:\/\/indpuls.tech\/wp-content\/uploads\/2024\/09\/INDPULS-BLOG-CARINSA-1-390x390.jpg 390w\" sizes=\"(max-width: 800px) 100vw, 800px\" \/>\t\t<\/div>\n\t\t<div class=\"omt-small-image-content__details-block\">\n\t\t\t\t\t\t\t<div class=\"omt-small-image-content__details\">\n\t\t\t\t\t<p><em>\u201cEl prop\u00f3sito principal de los premios es rendir homenaje a un gran hombre y visionario, el se\u00f1or Alberto Mart\u00ednez, y recoger su esp\u00edritu emprendedor. Grupo Carinsa, como empresa industrial, puede ayudar en todos los aspectos a empresas que inician sus primeros pasos\u201d<\/em>\u00a0 \u2013 destac\u00f3 Vanesa Mart\u00ednez, Consejera Delegada de Carinsa.<\/p>\n\t\t\t\t<\/div>\n\t\t\t\t\t\t<\/div>\n\t<\/div>\n<\/div>\n\n\n<h2 class=\"wp-block-heading has-h-3-font-size\">Categor\u00edas<\/h2>\n\n\n\n<p>Los Premios del Instituto Alberto Mart\u00ednez est\u00e1n configurados en las siguientes&nbsp;<strong>categor\u00edas<\/strong>:<\/p>\n\n\n\n<ol class=\"wp-block-list\">\n<li><strong>Nutrici\u00f3n y salud<\/strong>: Proyectos que trabajen sobre el bienestar del consumidor: mejora de perfiles nutricionales, materias primas con nuevas funcionalidades, que innoven en la elaboraci\u00f3n de nuevos nutrientes en salud a trav\u00e9s de la cosm\u00e9tica y la nutrici\u00f3n.<\/li>\n\n\n\n<li><strong>Sostenibilidad, econom\u00eda circular e impacto:<\/strong>&nbsp;Proyectos que trabajen en los \u00e1mbitos de la alimentaci\u00f3n y la cosm\u00e9tica, con foco en el impacto en la sociedad y el consumidor, en la sostenibilidad y que favorezcan el aprovechamiento de los recursos: nuevos modelos de extracciones, biofermentaciones, reaprovechamiento, envases biodegradables, procesos con impacto directo en econom\u00eda circular, eliminaci\u00f3n de micropl\u00e1sticos, tratamiento del agua, etc.<\/li>\n\n\n\n<li><strong>Emociones, la nueva disrupci\u00f3n:<\/strong>&nbsp;Proyectos con iniciativas disruptivas y tecnol\u00f3gicas alrededor de las emociones, las sensaciones y el mundo de los sentidos.<\/li>\n<\/ol>\n\n\n\n<h2 class=\"wp-block-heading has-h-3-font-size\">Criterios de evaluaci\u00f3n<\/h2>\n\n\n\n<p>En primer lugar, se realizar\u00e1 una evaluaci\u00f3n t\u00e9cnica de los proyectos.&nbsp;En segundo lugar, los criterios que se tendr\u00e1n en cuenta en las candidaturas para los Premios al emprendimiento del Instituto Alberto Mart\u00ednez Ortega ser\u00e1n los siguientes:<\/p>\n\n\n\n<ol class=\"wp-block-list\">\n<li><strong>Innovaci\u00f3n<\/strong>. Se valorar\u00e1 la capacidad de innovar y aportar soluciones en la cadena de valor de Carinsa y de su sector. Adicionalmente se priorizar\u00e1 la creatividad en sus ingredientes, procesos y producto.<\/li>\n\n\n\n<li><strong>Diferenciaci\u00f3n<\/strong>. Se reconocer\u00e1 que la candidatura cuente con elementos distintivos, y que sea especialmente destacable por su car\u00e1cter \u00fanico, notoriedad, y enfoque en la b\u00fasqueda de soluciones.<\/li>\n\n\n\n<li>Se valorar\u00e1 en las candidaturas el&nbsp;<strong>efecto transformador positivo&nbsp;<\/strong>en Carinsa, en sus clientes y en los consumidores finales: resoluci\u00f3n de problemas relevantes, potencial de internacionalizaci\u00f3n, as\u00ed como elevado potencial de desarrollo en el futuro.<\/li>\n\n\n\n<li><strong>Talento<\/strong>: Se valorar\u00e1 que la candidatura est\u00e9 avalada por talento con pasi\u00f3n y energ\u00eda, con voluntad de abrirse a nuevas propuestas, ideas, que quieran disfrutar creando y aprendiendo, teniendo siempre presente el prop\u00f3sito de su trabajo y de su misi\u00f3n en Carinsa.<\/li>\n\n\n\n<li>ESG: Se valorar\u00e1 en las candidaturas&nbsp;<strong>su compromiso con el planet<\/strong><strong>a<\/strong>, con sus habitantes, con la sociedad, cuidando en sus propuestas la biodiversidad, la contaminaci\u00f3n, los residuos, el agua, el aire.&nbsp;<\/li>\n<\/ol>\n\n\n\n<p>El&nbsp;<strong>plazo de presentaci\u00f3n<\/strong>&nbsp;de candidaturas es desde el&nbsp;<strong>27 de octubre de 2023 hasta el 21 de abril de 2024 a las 14:00 horas<\/strong>&nbsp;(CEST). Puedes consultar todas las bases legales de los premios en&nbsp;<a target=\"_blank\" href=\"https:\/\/institutoalbertomartinez.com\/bases-legales\/\" rel=\"noreferrer noopener\">el siguiente enlace<\/a>.<\/p>\n\n\n\n<div\n\tclass=\"omt-image-content wp-block-omt-image-content\"\t>\n\n\t<div class=\"omt-image-content__wrapper\">\n\t\t<div class=\"omt-image-content__img-block\">\n\t\t\t<img decoding=\"async\" width=\"800\" height=\"533\" src=\"https:\/\/indpuls.tech\/wp-content\/uploads\/2024\/09\/INDPULS-BLOG-CARINSA-2.jpg\" class=\"omt-image-content__img\" alt=\"\" srcset=\"https:\/\/indpuls.tech\/wp-content\/uploads\/2024\/09\/INDPULS-BLOG-CARINSA-2.jpg 800w, https:\/\/indpuls.tech\/wp-content\/uploads\/2024\/09\/INDPULS-BLOG-CARINSA-2-300x200.jpg 300w, https:\/\/indpuls.tech\/wp-content\/uploads\/2024\/09\/INDPULS-BLOG-CARINSA-2-768x512.jpg 768w, https:\/\/indpuls.tech\/wp-content\/uploads\/2024\/09\/INDPULS-BLOG-CARINSA-2-480x320.jpg 480w\" sizes=\"(max-width: 800px) 100vw, 800px\" \/>\n\t\t<\/div>\n\t\t<div class=\"omt-image-content__deatils-block\">\n\t\t\t<p>\u00a1Enhorabuena a todo el equipo de\u00a0<strong>Grupo Carinsa<\/strong>\u00a0por vuestro 30 aniversario y por ser una compa\u00f1\u00eda referente en innovaci\u00f3n, colaboraci\u00f3n, compromiso y creatividad!<\/p>\n\t\t<\/div>\n\t<\/div>\n<\/div>\n\n<\/div>\n\n<\/div>\n","protected":false},"excerpt":{"rendered":"<p>El pasado 27 de octubre celebramos el 30 aniversario de Grupo Carinsa, empresa que forma parte de INDPULS, acompa\u00f1ados de m\u00e1s de 300 personas en el Palacio de Pedralbes de Barcelona.  La empresa que dirigen las hermanas Vanesa y Denia \u2026<\/p>\n","protected":false},"author":1,"featured_media":1503,"comment_status":"open","ping_status":"open","sticky":false,"template":"","format":"standard","meta":{"_acf_changed":false,"footnotes":""},"categories":[37],"tags":[],"class_list":["post-3078","post","type-post","status-publish","format-standard","has-post-thumbnail","hentry","category-indpuls_partners_es"],"acf":[],"yoast_head":"<!-- This site is optimized with the Yoast SEO plugin v27.3 - https:\/\/yoast.com\/product\/yoast-seo-wordpress\/ -->\n<title>Grupo Carinsa presenta sus Premios al emprendimiento en la celebraci\u00f3n de su 30 aniversario - INDPULS | Innovaci\u00f3n colaborativa entre startups y empresas<\/title>\n<meta name=\"robots\" content=\"index, follow, max-snippet:-1, max-image-preview:large, max-video-preview:-1\" \/>\n<link rel=\"canonical\" href=\"https:\/\/indpuls.tech\/blog\/carinsa-premios-emprendimiento\/\" \/>\n<meta property=\"og:locale\" content=\"es_ES\" \/>\n<meta property=\"og:type\" content=\"article\" \/>\n<meta property=\"og:title\" content=\"Grupo Carinsa presenta sus Premios al emprendimiento en la celebraci\u00f3n de su 30 aniversario - INDPULS | Innovaci\u00f3n colaborativa entre startups y empresas\" \/>\n<meta property=\"og:description\" content=\"El pasado 27 de octubre celebramos el 30 aniversario de Grupo Carinsa, empresa que forma parte de INDPULS, acompa\u00f1ados de m\u00e1s de 300 personas en el Palacio de Pedralbes de Barcelona. La empresa que dirigen las hermanas Vanesa y Denia \u2026\" \/>\n<meta property=\"og:url\" content=\"https:\/\/indpuls.tech\/blog\/carinsa-premios-emprendimiento\/\" \/>\n<meta property=\"og:site_name\" content=\"INDPULS | Innovaci\u00f3n colaborativa entre startups y empresas\" \/>\n<meta property=\"article:published_time\" content=\"2023-11-29T12:38:41+00:00\" \/>\n<meta property=\"article:modified_time\" content=\"2025-02-17T12:38:33+00:00\" \/>\n<meta property=\"og:image\" content=\"https:\/\/indpuls.tech\/wp-content\/uploads\/2024\/09\/INDPULS-BLOG-CARINSA.jpg\" \/>\n\t<meta property=\"og:image:width\" content=\"1024\" \/>\n\t<meta property=\"og:image:height\" content=\"341\" \/>\n\t<meta property=\"og:image:type\" content=\"image\/jpeg\" \/>\n<meta name=\"author\" content=\"admin\" \/>\n<meta name=\"twitter:card\" content=\"summary_large_image\" \/>\n<meta name=\"twitter:creator\" content=\"@INDPULS_Tech\" \/>\n<meta name=\"twitter:site\" content=\"@INDPULS_Tech\" \/>\n<meta name=\"twitter:label1\" content=\"Escrito por\" \/>\n\t<meta name=\"twitter:data1\" content=\"admin\" \/>\n\t<meta name=\"twitter:label2\" content=\"Tiempo de lectura\" \/>\n\t<meta name=\"twitter:data2\" content=\"3 minutos\" \/>\n<script type=\"application\/ld+json\" class=\"yoast-schema-graph\">{\"@context\":\"https:\\\/\\\/schema.org\",\"@graph\":[{\"@type\":\"Article\",\"@id\":\"https:\\\/\\\/indpuls.tech\\\/blog\\\/carinsa-premios-emprendimiento\\\/#article\",\"isPartOf\":{\"@id\":\"https:\\\/\\\/indpuls.tech\\\/blog\\\/carinsa-premios-emprendimiento\\\/\"},\"author\":{\"name\":\"admin\",\"@id\":\"https:\\\/\\\/indpuls.tech\\\/en\\\/#\\\/schema\\\/person\\\/32648a347120650e984b5fb51270f4ee\"},\"headline\":\"Grupo Carinsa presenta sus Premios al emprendimiento en la celebraci\u00f3n de su 30 aniversario\",\"datePublished\":\"2023-11-29T12:38:41+00:00\",\"dateModified\":\"2025-02-17T12:38:33+00:00\",\"mainEntityOfPage\":{\"@id\":\"https:\\\/\\\/indpuls.tech\\\/blog\\\/carinsa-premios-emprendimiento\\\/\"},\"wordCount\":573,\"commentCount\":0,\"publisher\":{\"@id\":\"https:\\\/\\\/indpuls.tech\\\/en\\\/#organization\"},\"image\":{\"@id\":\"https:\\\/\\\/indpuls.tech\\\/blog\\\/carinsa-premios-emprendimiento\\\/#primaryimage\"},\"thumbnailUrl\":\"https:\\\/\\\/indpuls.tech\\\/wp-content\\\/uploads\\\/2024\\\/09\\\/INDPULS-BLOG-CARINSA.jpg\",\"articleSection\":[\"Socios INDPULS\"],\"inLanguage\":\"es\"},{\"@type\":\"WebPage\",\"@id\":\"https:\\\/\\\/indpuls.tech\\\/blog\\\/carinsa-premios-emprendimiento\\\/\",\"url\":\"https:\\\/\\\/indpuls.tech\\\/blog\\\/carinsa-premios-emprendimiento\\\/\",\"name\":\"Grupo Carinsa presenta sus Premios al emprendimiento en la celebraci\u00f3n de su 30 aniversario - INDPULS | Innovaci\u00f3n colaborativa entre startups y empresas\",\"isPartOf\":{\"@id\":\"https:\\\/\\\/indpuls.tech\\\/en\\\/#website\"},\"primaryImageOfPage\":{\"@id\":\"https:\\\/\\\/indpuls.tech\\\/blog\\\/carinsa-premios-emprendimiento\\\/#primaryimage\"},\"image\":{\"@id\":\"https:\\\/\\\/indpuls.tech\\\/blog\\\/carinsa-premios-emprendimiento\\\/#primaryimage\"},\"thumbnailUrl\":\"https:\\\/\\\/indpuls.tech\\\/wp-content\\\/uploads\\\/2024\\\/09\\\/INDPULS-BLOG-CARINSA.jpg\",\"datePublished\":\"2023-11-29T12:38:41+00:00\",\"dateModified\":\"2025-02-17T12:38:33+00:00\",\"breadcrumb\":{\"@id\":\"https:\\\/\\\/indpuls.tech\\\/blog\\\/carinsa-premios-emprendimiento\\\/#breadcrumb\"},\"inLanguage\":\"es\",\"potentialAction\":[{\"@type\":\"ReadAction\",\"target\":[\"https:\\\/\\\/indpuls.tech\\\/blog\\\/carinsa-premios-emprendimiento\\\/\"]}]},{\"@type\":\"ImageObject\",\"inLanguage\":\"es\",\"@id\":\"https:\\\/\\\/indpuls.tech\\\/blog\\\/carinsa-premios-emprendimiento\\\/#primaryimage\",\"url\":\"https:\\\/\\\/indpuls.tech\\\/wp-content\\\/uploads\\\/2024\\\/09\\\/INDPULS-BLOG-CARINSA.jpg\",\"contentUrl\":\"https:\\\/\\\/indpuls.tech\\\/wp-content\\\/uploads\\\/2024\\\/09\\\/INDPULS-BLOG-CARINSA.jpg\",\"width\":1024,\"height\":341},{\"@type\":\"BreadcrumbList\",\"@id\":\"https:\\\/\\\/indpuls.tech\\\/blog\\\/carinsa-premios-emprendimiento\\\/#breadcrumb\",\"itemListElement\":[{\"@type\":\"ListItem\",\"position\":1,\"name\":\"Home\",\"item\":\"https:\\\/\\\/indpuls.tech\\\/es\\\/\"},{\"@type\":\"ListItem\",\"position\":2,\"name\":\"Grupo Carinsa presenta sus Premios al emprendimiento en la celebraci\u00f3n de su 30 aniversario\"}]},{\"@type\":\"WebSite\",\"@id\":\"https:\\\/\\\/indpuls.tech\\\/en\\\/#website\",\"url\":\"https:\\\/\\\/indpuls.tech\\\/en\\\/\",\"name\":\"INDPULS\",\"description\":\"En Indpuls apostamos por el compromiso con la innovaci\u00f3n y el crecimiento empresarial sostenible en el nuevo ecosistema digital.\",\"publisher\":{\"@id\":\"https:\\\/\\\/indpuls.tech\\\/en\\\/#organization\"},\"potentialAction\":[{\"@type\":\"SearchAction\",\"target\":{\"@type\":\"EntryPoint\",\"urlTemplate\":\"https:\\\/\\\/indpuls.tech\\\/en\\\/?s={search_term_string}\"},\"query-input\":{\"@type\":\"PropertyValueSpecification\",\"valueRequired\":true,\"valueName\":\"search_term_string\"}}],\"inLanguage\":\"es\"},{\"@type\":\"Organization\",\"@id\":\"https:\\\/\\\/indpuls.tech\\\/en\\\/#organization\",\"name\":\"INDPULS\",\"url\":\"https:\\\/\\\/indpuls.tech\\\/en\\\/\",\"logo\":{\"@type\":\"ImageObject\",\"inLanguage\":\"es\",\"@id\":\"https:\\\/\\\/indpuls.tech\\\/en\\\/#\\\/schema\\\/logo\\\/image\\\/\",\"url\":\"https:\\\/\\\/indpuls.tech\\\/wp-content\\\/uploads\\\/2024\\\/08\\\/header-logo.svg\",\"contentUrl\":\"https:\\\/\\\/indpuls.tech\\\/wp-content\\\/uploads\\\/2024\\\/08\\\/header-logo.svg\",\"width\":204,\"height\":27,\"caption\":\"INDPULS\"},\"image\":{\"@id\":\"https:\\\/\\\/indpuls.tech\\\/en\\\/#\\\/schema\\\/logo\\\/image\\\/\"},\"sameAs\":[\"https:\\\/\\\/x.com\\\/INDPULS_Tech\",\"https:\\\/\\\/www.linkedin.com\\\/company\\\/indpuls-tech\\\/\"]},{\"@type\":\"Person\",\"@id\":\"https:\\\/\\\/indpuls.tech\\\/en\\\/#\\\/schema\\\/person\\\/32648a347120650e984b5fb51270f4ee\",\"name\":\"admin\",\"image\":{\"@type\":\"ImageObject\",\"inLanguage\":\"es\",\"@id\":\"https:\\\/\\\/secure.gravatar.com\\\/avatar\\\/4e7f345f8f84b3b8395fa3dcb4c9d239e1116cf634604c255b2796af980036f2?s=96&d=mm&r=g\",\"url\":\"https:\\\/\\\/secure.gravatar.com\\\/avatar\\\/4e7f345f8f84b3b8395fa3dcb4c9d239e1116cf634604c255b2796af980036f2?s=96&d=mm&r=g\",\"contentUrl\":\"https:\\\/\\\/secure.gravatar.com\\\/avatar\\\/4e7f345f8f84b3b8395fa3dcb4c9d239e1116cf634604c255b2796af980036f2?s=96&d=mm&r=g\",\"caption\":\"admin\"},\"sameAs\":[\"http:\\\/\\\/localhost\\\/indpuls\"]}]}<\/script>\n<!-- \/ Yoast SEO plugin. -->","yoast_head_json":{"title":"Grupo Carinsa presenta sus Premios al emprendimiento en la celebraci\u00f3n de su 30 aniversario - INDPULS | Innovaci\u00f3n colaborativa entre startups y empresas","robots":{"index":"index","follow":"follow","max-snippet":"max-snippet:-1","max-image-preview":"max-image-preview:large","max-video-preview":"max-video-preview:-1"},"canonical":"https:\/\/indpuls.tech\/blog\/carinsa-premios-emprendimiento\/","og_locale":"es_ES","og_type":"article","og_title":"Grupo Carinsa presenta sus Premios al emprendimiento en la celebraci\u00f3n de su 30 aniversario - INDPULS | Innovaci\u00f3n colaborativa entre startups y empresas","og_description":"El pasado 27 de octubre celebramos el 30 aniversario de Grupo Carinsa, empresa que forma parte de INDPULS, acompa\u00f1ados de m\u00e1s de 300 personas en el Palacio de Pedralbes de Barcelona. La empresa que dirigen las hermanas Vanesa y Denia \u2026","og_url":"https:\/\/indpuls.tech\/blog\/carinsa-premios-emprendimiento\/","og_site_name":"INDPULS | Innovaci\u00f3n colaborativa entre startups y empresas","article_published_time":"2023-11-29T12:38:41+00:00","article_modified_time":"2025-02-17T12:38:33+00:00","og_image":[{"width":1024,"height":341,"url":"https:\/\/indpuls.tech\/wp-content\/uploads\/2024\/09\/INDPULS-BLOG-CARINSA.jpg","type":"image\/jpeg"}],"author":"admin","twitter_card":"summary_large_image","twitter_creator":"@INDPULS_Tech","twitter_site":"@INDPULS_Tech","twitter_misc":{"Escrito por":"admin","Tiempo de lectura":"3 minutos"},"schema":{"@context":"https:\/\/schema.org","@graph":[{"@type":"Article","@id":"https:\/\/indpuls.tech\/blog\/carinsa-premios-emprendimiento\/#article","isPartOf":{"@id":"https:\/\/indpuls.tech\/blog\/carinsa-premios-emprendimiento\/"},"author":{"name":"admin","@id":"https:\/\/indpuls.tech\/en\/#\/schema\/person\/32648a347120650e984b5fb51270f4ee"},"headline":"Grupo Carinsa presenta sus Premios al emprendimiento en la celebraci\u00f3n de su 30 aniversario","datePublished":"2023-11-29T12:38:41+00:00","dateModified":"2025-02-17T12:38:33+00:00","mainEntityOfPage":{"@id":"https:\/\/indpuls.tech\/blog\/carinsa-premios-emprendimiento\/"},"wordCount":573,"commentCount":0,"publisher":{"@id":"https:\/\/indpuls.tech\/en\/#organization"},"image":{"@id":"https:\/\/indpuls.tech\/blog\/carinsa-premios-emprendimiento\/#primaryimage"},"thumbnailUrl":"https:\/\/indpuls.tech\/wp-content\/uploads\/2024\/09\/INDPULS-BLOG-CARINSA.jpg","articleSection":["Socios INDPULS"],"inLanguage":"es"},{"@type":"WebPage","@id":"https:\/\/indpuls.tech\/blog\/carinsa-premios-emprendimiento\/","url":"https:\/\/indpuls.tech\/blog\/carinsa-premios-emprendimiento\/","name":"Grupo Carinsa presenta sus Premios al emprendimiento en la celebraci\u00f3n de su 30 aniversario - INDPULS | Innovaci\u00f3n colaborativa entre startups y empresas","isPartOf":{"@id":"https:\/\/indpuls.tech\/en\/#website"},"primaryImageOfPage":{"@id":"https:\/\/indpuls.tech\/blog\/carinsa-premios-emprendimiento\/#primaryimage"},"image":{"@id":"https:\/\/indpuls.tech\/blog\/carinsa-premios-emprendimiento\/#primaryimage"},"thumbnailUrl":"https:\/\/indpuls.tech\/wp-content\/uploads\/2024\/09\/INDPULS-BLOG-CARINSA.jpg","datePublished":"2023-11-29T12:38:41+00:00","dateModified":"2025-02-17T12:38:33+00:00","breadcrumb":{"@id":"https:\/\/indpuls.tech\/blog\/carinsa-premios-emprendimiento\/#breadcrumb"},"inLanguage":"es","potentialAction":[{"@type":"ReadAction","target":["https:\/\/indpuls.tech\/blog\/carinsa-premios-emprendimiento\/"]}]},{"@type":"ImageObject","inLanguage":"es","@id":"https:\/\/indpuls.tech\/blog\/carinsa-premios-emprendimiento\/#primaryimage","url":"https:\/\/indpuls.tech\/wp-content\/uploads\/2024\/09\/INDPULS-BLOG-CARINSA.jpg","contentUrl":"https:\/\/indpuls.tech\/wp-content\/uploads\/2024\/09\/INDPULS-BLOG-CARINSA.jpg","width":1024,"height":341},{"@type":"BreadcrumbList","@id":"https:\/\/indpuls.tech\/blog\/carinsa-premios-emprendimiento\/#breadcrumb","itemListElement":[{"@type":"ListItem","position":1,"name":"Home","item":"https:\/\/indpuls.tech\/es\/"},{"@type":"ListItem","position":2,"name":"Grupo Carinsa presenta sus Premios al emprendimiento en la celebraci\u00f3n de su 30 aniversario"}]},{"@type":"WebSite","@id":"https:\/\/indpuls.tech\/en\/#website","url":"https:\/\/indpuls.tech\/en\/","name":"INDPULS","description":"En Indpuls apostamos por el compromiso con la innovaci\u00f3n y el crecimiento empresarial sostenible en el nuevo ecosistema digital.","publisher":{"@id":"https:\/\/indpuls.tech\/en\/#organization"},"potentialAction":[{"@type":"SearchAction","target":{"@type":"EntryPoint","urlTemplate":"https:\/\/indpuls.tech\/en\/?s={search_term_string}"},"query-input":{"@type":"PropertyValueSpecification","valueRequired":true,"valueName":"search_term_string"}}],"inLanguage":"es"},{"@type":"Organization","@id":"https:\/\/indpuls.tech\/en\/#organization","name":"INDPULS","url":"https:\/\/indpuls.tech\/en\/","logo":{"@type":"ImageObject","inLanguage":"es","@id":"https:\/\/indpuls.tech\/en\/#\/schema\/logo\/image\/","url":"https:\/\/indpuls.tech\/wp-content\/uploads\/2024\/08\/header-logo.svg","contentUrl":"https:\/\/indpuls.tech\/wp-content\/uploads\/2024\/08\/header-logo.svg","width":204,"height":27,"caption":"INDPULS"},"image":{"@id":"https:\/\/indpuls.tech\/en\/#\/schema\/logo\/image\/"},"sameAs":["https:\/\/x.com\/INDPULS_Tech","https:\/\/www.linkedin.com\/company\/indpuls-tech\/"]},{"@type":"Person","@id":"https:\/\/indpuls.tech\/en\/#\/schema\/person\/32648a347120650e984b5fb51270f4ee","name":"admin","image":{"@type":"ImageObject","inLanguage":"es","@id":"https:\/\/secure.gravatar.com\/avatar\/4e7f345f8f84b3b8395fa3dcb4c9d239e1116cf634604c255b2796af980036f2?s=96&d=mm&r=g","url":"https:\/\/secure.gravatar.com\/avatar\/4e7f345f8f84b3b8395fa3dcb4c9d239e1116cf634604c255b2796af980036f2?s=96&d=mm&r=g","contentUrl":"https:\/\/secure.gravatar.com\/avatar\/4e7f345f8f84b3b8395fa3dcb4c9d239e1116cf634604c255b2796af980036f2?s=96&d=mm&r=g","caption":"admin"},"sameAs":["http:\/\/localhost\/indpuls"]}]}},"_links":{"self":[{"href":"https:\/\/indpuls.tech\/es\/wp-json\/wp\/v2\/posts\/3078","targetHints":{"allow":["GET"]}}],"collection":[{"href":"https:\/\/indpuls.tech\/es\/wp-json\/wp\/v2\/posts"}],"about":[{"href":"https:\/\/indpuls.tech\/es\/wp-json\/wp\/v2\/types\/post"}],"author":[{"embeddable":true,"href":"https:\/\/indpuls.tech\/es\/wp-json\/wp\/v2\/users\/1"}],"replies":[{"embeddable":true,"href":"https:\/\/indpuls.tech\/es\/wp-json\/wp\/v2\/comments?post=3078"}],"version-history":[{"count":5,"href":"https:\/\/indpuls.tech\/es\/wp-json\/wp\/v2\/posts\/3078\/revisions"}],"predecessor-version":[{"id":5334,"href":"https:\/\/indpuls.tech\/es\/wp-json\/wp\/v2\/posts\/3078\/revisions\/5334"}],"wp:featuredmedia":[{"embeddable":true,"href":"https:\/\/indpuls.tech\/es\/wp-json\/wp\/v2\/media\/1503"}],"wp:attachment":[{"href":"https:\/\/indpuls.tech\/es\/wp-json\/wp\/v2\/media?parent=3078"}],"wp:term":[{"taxonomy":"category","embeddable":true,"href":"https:\/\/indpuls.tech\/es\/wp-json\/wp\/v2\/categories?post=3078"},{"taxonomy":"post_tag","embeddable":true,"href":"https:\/\/indpuls.tech\/es\/wp-json\/wp\/v2\/tags?post=3078"}],"curies":[{"name":"wp","href":"https:\/\/api.w.org\/{rel}","templated":true}]}}