{"id":8924,"date":"2026-03-18T07:54:00","date_gmt":"2026-03-18T07:54:00","guid":{"rendered":"https:\/\/indpuls.tech\/es\/blog\/\/"},"modified":"2026-03-19T15:42:44","modified_gmt":"2026-03-19T15:42:44","slug":"la-ia-tiene-un-potencial-de-transformacion-extraordinario-pero-no-es-un-fin-en-si-mismo-para-las-empresas-xavier-marcet","status":"publish","type":"post","link":"https:\/\/indpuls.tech\/es\/blog\/la-ia-tiene-un-potencial-de-transformacion-extraordinario-pero-no-es-un-fin-en-si-mismo-para-las-empresas-xavier-marcet\/","title":{"rendered":"La IA tiene un potencial de transformaci\u00f3n extraordinario, pero no es un fin en s\u00ed mismo para las empresas. Xavier Marcet."},"content":{"rendered":"\n<div class=\"omt-prose-container wp-block-omt-prose-container\">\n\n\t<div class=\"acf-innerblocks-container\">\n\n<p>En el marco de la jornada de clausura del <a href=\"https:\/\/indpuls.tech\/es\/blog\/ganadores-ai-adoption-program\/\">AI Adoption Program 2025-2026<\/a>, un proyecto financiado por el Plan de Recuperaci\u00f3n, Transformaci\u00f3n y Resiliencia &#8211; Financiado por la Uni\u00f3n Europea &#8211; NextGenerationEU, Xavier Marcet ofreci\u00f3 una conferencia que aport\u00f3 perspectiva estrat\u00e9gica en un momento de fuerte aceleraci\u00f3n tecnol\u00f3gica. En un programa centrado en la aplicaci\u00f3n real de la inteligencia artificial en entornos industriales, su mensaje fue claro desde el inicio:<\/p>\n\n\n\n<p><em>\u201cLas empresas no viven de la IA, viven de sus clientes.\u201d<\/em><\/p>\n\n\n\n<p>La IA tiene un potencial de transformaci\u00f3n extraordinario, pero no es un fin en s\u00ed mismo. Marcet habl\u00f3 de la ola de la IA, de la marea digital que lleva a\u00f1os avanzando y de las corrientes profundas -como las clim\u00e1ticas- que realmente configuran el contexto empresarial. Destac\u00f3 que, con o sin revoluci\u00f3n digital, las empresas que sobreviven son siempre aquellas que han sabido mantener clientes y generar margen.<\/p>\n\n\n\n<p>Mencion\u00f3 la Ley de Amara para explicar que, cuando la ola sube, parece que todo cambiar\u00e1 de inmediato. Despu\u00e9s comprobamos que el cambio es m\u00e1s complejo y m\u00e1s lento de lo previsto. <strong>Minimizar el impacto de la IA es ingenuo; exagerarlo, tambi\u00e9n.<\/strong><\/p>\n\n\n\n<div\n\tclass=\"omt-image-content wp-block-omt-image-content\"\t>\n\n\t<div class=\"omt-image-content__wrapper\">\n\t\t<div class=\"omt-image-content__img-block\">\n\t\t\t<img decoding=\"async\" width=\"900\" height=\"900\" src=\"https:\/\/indpuls.tech\/wp-content\/uploads\/2026\/03\/foto_xavier_marcet.jpg\" class=\"omt-image-content__img\" alt=\"\" srcset=\"https:\/\/indpuls.tech\/wp-content\/uploads\/2026\/03\/foto_xavier_marcet.jpg 900w, https:\/\/indpuls.tech\/wp-content\/uploads\/2026\/03\/foto_xavier_marcet-300x300.jpg 300w, https:\/\/indpuls.tech\/wp-content\/uploads\/2026\/03\/foto_xavier_marcet-150x150.jpg 150w, https:\/\/indpuls.tech\/wp-content\/uploads\/2026\/03\/foto_xavier_marcet-768x768.jpg 768w, https:\/\/indpuls.tech\/wp-content\/uploads\/2026\/03\/foto_xavier_marcet-390x390.jpg 390w\" sizes=\"(max-width: 900px) 100vw, 900px\" \/>\n\t\t<\/div>\n\t\t<div class=\"omt-image-content__deatils-block\">\n\t\t\t<p>El foco, insisti\u00f3, no debe ponerse en la tecnolog\u00eda en abstracto, sino en c\u00f3mo producimos mejor y c\u00f3mo atendemos mejor las necesidades del cliente. La productividad no puede darse por supuesta. Las eficiencias son necesarias para competir. u003cstrongu003eLa ventaja competitivau003c\/strongu003e -en t\u00e9rminos de Porter- sigue siendo hacer lo mismo que los dem\u00e1s a menor coste o hacer algo diferente que el cliente valore. Y esa ventaja u003cstrongu003eno la crear\u00e1n las m\u00e1quinas por s\u00ed solas, sino personas con ayuda de m\u00e1quinas.u003c\/strongu003ernrnu0026nbsp;<\/p>\n\t\t<\/div>\n\t<\/div>\n<\/div>\n\n\n\n<p>La IA, combinada y sincronizada con otras tecnolog\u00edas, tiene una enorme capacidad de cambio. Pero lo que marca la diferencia son las personas: saber formular las preguntas adecuadas, decidir d\u00f3nde aplicar la tecnolog\u00eda y asumir la responsabilidad estrat\u00e9gica despu\u00e9s de <em>\u201capretar una tecla\u201d<\/em>. <strong>No podemos convertirnos en espectadores de la IA. Somos las personas quienes debemos extraer su m\u00e1ximo potencial.<\/strong><\/p>\n\n\n\n<p>El programa AI Adoption ha sido un ejemplo de c\u00f3mo explorar oportunidades tecnol\u00f3gicas con sentido pr\u00e1ctico. Pero explorar no es suficiente: las empresas necesitan capacidad de pensar y decidir qu\u00e9 soluciones incorporar y cu\u00e1les no. Este programa ha facilitado este encuentro de trabajo colaborativo dentro del ecosistema de INDPULS para impulsar la implementaci\u00f3n real de soluciones de IA en el tejido industrial.<\/p>\n\n\n\n<div\n\tclass=\"omt-qoute wp-block-omt-qoute\"\t>\n\t\t\t<div class=\"omt-qoute__wrapper\">\n\t\t\t<div class=\"omt-qoute__deatils-block\">\n\t\t\t\t<p>\n\t\t\t\t\t\t\t\t\t\tEl futuro debe estar en la agenda del presente, pero no olvidemos que a\u00fan no paga las facturas de hoy. Xavier Marcet.\t\t\t\t<\/p>\n\t\t\t<\/div>\n\t\t<\/div>\n\t<\/div>\n\n\n\n<p>INDPULS nace para promover innovaci\u00f3n, y en un contexto en el que la IA se democratiza, la diferencia volver\u00e1 a estar en las personas. La IA ser\u00e1 un extraordinario campo de simulaci\u00f3n para innovar, pero la empresa sigue siendo una comunidad de personas, no una comunidad de m\u00e1quinas.<\/p>\n\n\n\n<p>Advirti\u00f3 que el tal\u00f3n de Aquiles de la IA ser\u00e1 la calidad de los datos y que su despliegue impactar\u00e1 en la cultura organizativa. M\u00e1s datos y m\u00e1s capacidad de an\u00e1lisis exigir\u00e1n una mayor confluencia entre ingenieros y humanistas. Habl\u00f3 incluso de un \u201c<strong>Renacimiento de la autenticidad<\/strong>\u201d: en un entorno cada vez m\u00e1s automatizado, la autonom\u00eda y la autenticidad humanas ser\u00e1n diferenciales.<\/p>\n\n\n\n<p>En definitiva, la IA ampl\u00eda capacidades, pero no sustituye liderazgo, criterio ni visi\u00f3n. Las ventajas competitivas seguir\u00e1n estando lideradas por personas capaces de combinar tecnolog\u00eda, estrategia y una comprensi\u00f3n profunda del cliente. El verdadero reto no es tecnol\u00f3gico. Es de management, de cultura y de creaci\u00f3n de valor.<\/p>\n\n<\/div>\n\n<\/div>\n","protected":false},"excerpt":{"rendered":"<p>En el marco de la jornada de clausura del AI Adoption Program 2025-2026, un proyecto financiado por el Plan de Recuperaci\u00f3n, Transformaci\u00f3n y Resiliencia &#8211; Financiado por la Uni\u00f3n Europea &#8211; NextGenerationEU, Xavier Marcet ofreci\u00f3 una conferencia que aport\u00f3 perspectiva estrat\u00e9gica en un momento de fuerte aceleraci\u00f3n tecnol\u00f3gica. <\/p>\n","protected":false},"author":8,"featured_media":8915,"comment_status":"closed","ping_status":"closed","sticky":false,"template":"","format":"standard","meta":{"_acf_changed":false,"footnotes":""},"categories":[137,108],"tags":[],"class_list":["post-8924","post","type-post","status-publish","format-standard","has-post-thumbnail","hentry","category-ai-adoption-program","category-management-es"],"acf":[],"yoast_head":"<!-- This site is optimized with the Yoast SEO plugin v27.3 - https:\/\/yoast.com\/product\/yoast-seo-wordpress\/ -->\n<title>La IA tiene un potencial de transformaci\u00f3n extraordinario, pero no es un fin en s\u00ed mismo para las empresas. Xavier Marcet. - INDPULS | Innovaci\u00f3n colaborativa entre startups y empresas<\/title>\n<meta name=\"description\" content=\"En el marco de la jornada de clausura del AI Adoption Program 2025-2026, un proyecto financiado por el Plan de Recuperaci\u00f3n, Transformaci\u00f3n y Resiliencia - Financiado por la Uni\u00f3n Europea - NextGenerationEU, Xavier Marcet ofreci\u00f3 una conferencia que aport\u00f3 perspectiva estrat\u00e9gica en un momento de fuerte aceleraci\u00f3n tecnol\u00f3gica.\" \/>\n<meta name=\"robots\" content=\"index, follow, max-snippet:-1, max-image-preview:large, max-video-preview:-1\" \/>\n<link rel=\"canonical\" href=\"https:\/\/indpuls.tech\/en\/blog\/la-ia-tiene-un-potencial-de-transformacion-extraordinario-pero-no-es-un-fin-en-si-mismo-para-las-empresas-xavier-marcet\/\" \/>\n<meta property=\"og:locale\" content=\"es_ES\" \/>\n<meta property=\"og:type\" content=\"article\" \/>\n<meta property=\"og:title\" content=\"La IA tiene un potencial de transformaci\u00f3n extraordinario, pero no es un fin en s\u00ed mismo para las empresas. Xavier Marcet. - INDPULS | Innovaci\u00f3n colaborativa entre startups y empresas\" \/>\n<meta property=\"og:description\" content=\"En el marco de la jornada de clausura del AI Adoption Program 2025-2026, un proyecto financiado por el Plan de Recuperaci\u00f3n, Transformaci\u00f3n y Resiliencia - Financiado por la Uni\u00f3n Europea - NextGenerationEU, Xavier Marcet ofreci\u00f3 una conferencia que aport\u00f3 perspectiva estrat\u00e9gica en un momento de fuerte aceleraci\u00f3n tecnol\u00f3gica.\" \/>\n<meta property=\"og:url\" content=\"https:\/\/indpuls.tech\/en\/blog\/la-ia-tiene-un-potencial-de-transformacion-extraordinario-pero-no-es-un-fin-en-si-mismo-para-las-empresas-xavier-marcet\/\" \/>\n<meta property=\"og:site_name\" content=\"INDPULS | Innovaci\u00f3n colaborativa entre startups y empresas\" \/>\n<meta property=\"article:published_time\" content=\"2026-03-18T07:54:00+00:00\" \/>\n<meta property=\"article:modified_time\" content=\"2026-03-19T15:42:44+00:00\" \/>\n<meta property=\"og:image\" content=\"https:\/\/indpuls.tech\/wp-content\/uploads\/2026\/03\/cap_xavier_marcet_blog.jpg\" \/>\n\t<meta property=\"og:image:width\" content=\"1200\" \/>\n\t<meta property=\"og:image:height\" content=\"600\" \/>\n\t<meta property=\"og:image:type\" content=\"image\/jpeg\" \/>\n<meta name=\"author\" content=\"Cristina Roda\" \/>\n<meta name=\"twitter:card\" content=\"summary_large_image\" \/>\n<meta name=\"twitter:creator\" content=\"@INDPULS_Tech\" \/>\n<meta name=\"twitter:site\" content=\"@INDPULS_Tech\" \/>\n<meta name=\"twitter:label1\" content=\"Escrito por\" \/>\n\t<meta name=\"twitter:data1\" content=\"Cristina Roda\" \/>\n\t<meta name=\"twitter:label2\" content=\"Tiempo de lectura\" \/>\n\t<meta name=\"twitter:data2\" content=\"3 minutos\" \/>\n<script type=\"application\/ld+json\" class=\"yoast-schema-graph\">{\"@context\":\"https:\\\/\\\/schema.org\",\"@graph\":[{\"@type\":\"Article\",\"@id\":\"https:\\\/\\\/indpuls.tech\\\/en\\\/blog\\\/la-ia-tiene-un-potencial-de-transformacion-extraordinario-pero-no-es-un-fin-en-si-mismo-para-las-empresas-xavier-marcet\\\/#article\",\"isPartOf\":{\"@id\":\"https:\\\/\\\/indpuls.tech\\\/en\\\/blog\\\/la-ia-tiene-un-potencial-de-transformacion-extraordinario-pero-no-es-un-fin-en-si-mismo-para-las-empresas-xavier-marcet\\\/\"},\"author\":{\"name\":\"Cristina Roda\",\"@id\":\"https:\\\/\\\/indpuls.tech\\\/en\\\/#\\\/schema\\\/person\\\/bec5bf4fda16aaaa1e4e8ab0729228c9\"},\"headline\":\"La IA tiene un potencial de transformaci\u00f3n extraordinario, pero no es un fin en s\u00ed mismo para las empresas. Xavier Marcet.\",\"datePublished\":\"2026-03-18T07:54:00+00:00\",\"dateModified\":\"2026-03-19T15:42:44+00:00\",\"mainEntityOfPage\":{\"@id\":\"https:\\\/\\\/indpuls.tech\\\/en\\\/blog\\\/la-ia-tiene-un-potencial-de-transformacion-extraordinario-pero-no-es-un-fin-en-si-mismo-para-las-empresas-xavier-marcet\\\/\"},\"wordCount\":537,\"publisher\":{\"@id\":\"https:\\\/\\\/indpuls.tech\\\/en\\\/#organization\"},\"image\":{\"@id\":\"https:\\\/\\\/indpuls.tech\\\/en\\\/blog\\\/la-ia-tiene-un-potencial-de-transformacion-extraordinario-pero-no-es-un-fin-en-si-mismo-para-las-empresas-xavier-marcet\\\/#primaryimage\"},\"thumbnailUrl\":\"https:\\\/\\\/indpuls.tech\\\/wp-content\\\/uploads\\\/2026\\\/03\\\/cap_xavier_marcet_blog.jpg\",\"articleSection\":[\"AI Adoption Program\",\"Management\"],\"inLanguage\":\"es\"},{\"@type\":\"WebPage\",\"@id\":\"https:\\\/\\\/indpuls.tech\\\/en\\\/blog\\\/la-ia-tiene-un-potencial-de-transformacion-extraordinario-pero-no-es-un-fin-en-si-mismo-para-las-empresas-xavier-marcet\\\/\",\"url\":\"https:\\\/\\\/indpuls.tech\\\/en\\\/blog\\\/la-ia-tiene-un-potencial-de-transformacion-extraordinario-pero-no-es-un-fin-en-si-mismo-para-las-empresas-xavier-marcet\\\/\",\"name\":\"La IA tiene un potencial de transformaci\u00f3n extraordinario, pero no es un fin en s\u00ed mismo para las empresas. Xavier Marcet. - INDPULS | Innovaci\u00f3n colaborativa entre startups y empresas\",\"isPartOf\":{\"@id\":\"https:\\\/\\\/indpuls.tech\\\/en\\\/#website\"},\"primaryImageOfPage\":{\"@id\":\"https:\\\/\\\/indpuls.tech\\\/en\\\/blog\\\/la-ia-tiene-un-potencial-de-transformacion-extraordinario-pero-no-es-un-fin-en-si-mismo-para-las-empresas-xavier-marcet\\\/#primaryimage\"},\"image\":{\"@id\":\"https:\\\/\\\/indpuls.tech\\\/en\\\/blog\\\/la-ia-tiene-un-potencial-de-transformacion-extraordinario-pero-no-es-un-fin-en-si-mismo-para-las-empresas-xavier-marcet\\\/#primaryimage\"},\"thumbnailUrl\":\"https:\\\/\\\/indpuls.tech\\\/wp-content\\\/uploads\\\/2026\\\/03\\\/cap_xavier_marcet_blog.jpg\",\"datePublished\":\"2026-03-18T07:54:00+00:00\",\"dateModified\":\"2026-03-19T15:42:44+00:00\",\"description\":\"En el marco de la jornada de clausura del AI Adoption Program 2025-2026, un proyecto financiado por el Plan de Recuperaci\u00f3n, Transformaci\u00f3n y Resiliencia - Financiado por la Uni\u00f3n Europea - NextGenerationEU, Xavier Marcet ofreci\u00f3 una conferencia que aport\u00f3 perspectiva estrat\u00e9gica en un momento de fuerte aceleraci\u00f3n tecnol\u00f3gica.\",\"breadcrumb\":{\"@id\":\"https:\\\/\\\/indpuls.tech\\\/en\\\/blog\\\/la-ia-tiene-un-potencial-de-transformacion-extraordinario-pero-no-es-un-fin-en-si-mismo-para-las-empresas-xavier-marcet\\\/#breadcrumb\"},\"inLanguage\":\"es\",\"potentialAction\":[{\"@type\":\"ReadAction\",\"target\":[\"https:\\\/\\\/indpuls.tech\\\/en\\\/blog\\\/la-ia-tiene-un-potencial-de-transformacion-extraordinario-pero-no-es-un-fin-en-si-mismo-para-las-empresas-xavier-marcet\\\/\"]}]},{\"@type\":\"ImageObject\",\"inLanguage\":\"es\",\"@id\":\"https:\\\/\\\/indpuls.tech\\\/en\\\/blog\\\/la-ia-tiene-un-potencial-de-transformacion-extraordinario-pero-no-es-un-fin-en-si-mismo-para-las-empresas-xavier-marcet\\\/#primaryimage\",\"url\":\"https:\\\/\\\/indpuls.tech\\\/wp-content\\\/uploads\\\/2026\\\/03\\\/cap_xavier_marcet_blog.jpg\",\"contentUrl\":\"https:\\\/\\\/indpuls.tech\\\/wp-content\\\/uploads\\\/2026\\\/03\\\/cap_xavier_marcet_blog.jpg\",\"width\":1200,\"height\":600,\"caption\":\"Xavier Marcet\"},{\"@type\":\"BreadcrumbList\",\"@id\":\"https:\\\/\\\/indpuls.tech\\\/en\\\/blog\\\/la-ia-tiene-un-potencial-de-transformacion-extraordinario-pero-no-es-un-fin-en-si-mismo-para-las-empresas-xavier-marcet\\\/#breadcrumb\",\"itemListElement\":[{\"@type\":\"ListItem\",\"position\":1,\"name\":\"Home\",\"item\":\"https:\\\/\\\/indpuls.tech\\\/es\\\/\"},{\"@type\":\"ListItem\",\"position\":2,\"name\":\"La IA tiene un potencial de transformaci\u00f3n extraordinario, pero no es un fin en s\u00ed mismo para las empresas. Xavier Marcet.\"}]},{\"@type\":\"WebSite\",\"@id\":\"https:\\\/\\\/indpuls.tech\\\/en\\\/#website\",\"url\":\"https:\\\/\\\/indpuls.tech\\\/en\\\/\",\"name\":\"INDPULS\",\"description\":\"En Indpuls apostamos por el compromiso con la innovaci\u00f3n y el crecimiento empresarial sostenible en el nuevo ecosistema digital.\",\"publisher\":{\"@id\":\"https:\\\/\\\/indpuls.tech\\\/en\\\/#organization\"},\"potentialAction\":[{\"@type\":\"SearchAction\",\"target\":{\"@type\":\"EntryPoint\",\"urlTemplate\":\"https:\\\/\\\/indpuls.tech\\\/en\\\/?s={search_term_string}\"},\"query-input\":{\"@type\":\"PropertyValueSpecification\",\"valueRequired\":true,\"valueName\":\"search_term_string\"}}],\"inLanguage\":\"es\"},{\"@type\":\"Organization\",\"@id\":\"https:\\\/\\\/indpuls.tech\\\/en\\\/#organization\",\"name\":\"INDPULS\",\"url\":\"https:\\\/\\\/indpuls.tech\\\/en\\\/\",\"logo\":{\"@type\":\"ImageObject\",\"inLanguage\":\"es\",\"@id\":\"https:\\\/\\\/indpuls.tech\\\/en\\\/#\\\/schema\\\/logo\\\/image\\\/\",\"url\":\"https:\\\/\\\/indpuls.tech\\\/wp-content\\\/uploads\\\/2024\\\/08\\\/header-logo.svg\",\"contentUrl\":\"https:\\\/\\\/indpuls.tech\\\/wp-content\\\/uploads\\\/2024\\\/08\\\/header-logo.svg\",\"width\":204,\"height\":27,\"caption\":\"INDPULS\"},\"image\":{\"@id\":\"https:\\\/\\\/indpuls.tech\\\/en\\\/#\\\/schema\\\/logo\\\/image\\\/\"},\"sameAs\":[\"https:\\\/\\\/x.com\\\/INDPULS_Tech\",\"https:\\\/\\\/www.linkedin.com\\\/company\\\/indpuls-tech\\\/\"]},{\"@type\":\"Person\",\"@id\":\"https:\\\/\\\/indpuls.tech\\\/en\\\/#\\\/schema\\\/person\\\/bec5bf4fda16aaaa1e4e8ab0729228c9\",\"name\":\"Cristina Roda\",\"image\":{\"@type\":\"ImageObject\",\"inLanguage\":\"es\",\"@id\":\"https:\\\/\\\/secure.gravatar.com\\\/avatar\\\/276efd9cf152d89c663dd6217f0fe9650c02ebd28eac742a0a7ae3e956679e48?s=96&d=mm&r=g\",\"url\":\"https:\\\/\\\/secure.gravatar.com\\\/avatar\\\/276efd9cf152d89c663dd6217f0fe9650c02ebd28eac742a0a7ae3e956679e48?s=96&d=mm&r=g\",\"contentUrl\":\"https:\\\/\\\/secure.gravatar.com\\\/avatar\\\/276efd9cf152d89c663dd6217f0fe9650c02ebd28eac742a0a7ae3e956679e48?s=96&d=mm&r=g\",\"caption\":\"Cristina Roda\"}}]}<\/script>\n<!-- \/ Yoast SEO plugin. -->","yoast_head_json":{"title":"La IA tiene un potencial de transformaci\u00f3n extraordinario, pero no es un fin en s\u00ed mismo para las empresas. Xavier Marcet. - INDPULS | Innovaci\u00f3n colaborativa entre startups y empresas","description":"En el marco de la jornada de clausura del AI Adoption Program 2025-2026, un proyecto financiado por el Plan de Recuperaci\u00f3n, Transformaci\u00f3n y Resiliencia - Financiado por la Uni\u00f3n Europea - NextGenerationEU, Xavier Marcet ofreci\u00f3 una conferencia que aport\u00f3 perspectiva estrat\u00e9gica en un momento de fuerte aceleraci\u00f3n tecnol\u00f3gica.","robots":{"index":"index","follow":"follow","max-snippet":"max-snippet:-1","max-image-preview":"max-image-preview:large","max-video-preview":"max-video-preview:-1"},"canonical":"https:\/\/indpuls.tech\/en\/blog\/la-ia-tiene-un-potencial-de-transformacion-extraordinario-pero-no-es-un-fin-en-si-mismo-para-las-empresas-xavier-marcet\/","og_locale":"es_ES","og_type":"article","og_title":"La IA tiene un potencial de transformaci\u00f3n extraordinario, pero no es un fin en s\u00ed mismo para las empresas. Xavier Marcet. - INDPULS | Innovaci\u00f3n colaborativa entre startups y empresas","og_description":"En el marco de la jornada de clausura del AI Adoption Program 2025-2026, un proyecto financiado por el Plan de Recuperaci\u00f3n, Transformaci\u00f3n y Resiliencia - Financiado por la Uni\u00f3n Europea - NextGenerationEU, Xavier Marcet ofreci\u00f3 una conferencia que aport\u00f3 perspectiva estrat\u00e9gica en un momento de fuerte aceleraci\u00f3n tecnol\u00f3gica.","og_url":"https:\/\/indpuls.tech\/en\/blog\/la-ia-tiene-un-potencial-de-transformacion-extraordinario-pero-no-es-un-fin-en-si-mismo-para-las-empresas-xavier-marcet\/","og_site_name":"INDPULS | Innovaci\u00f3n colaborativa entre startups y empresas","article_published_time":"2026-03-18T07:54:00+00:00","article_modified_time":"2026-03-19T15:42:44+00:00","og_image":[{"width":1200,"height":600,"url":"https:\/\/indpuls.tech\/wp-content\/uploads\/2026\/03\/cap_xavier_marcet_blog.jpg","type":"image\/jpeg"}],"author":"Cristina Roda","twitter_card":"summary_large_image","twitter_creator":"@INDPULS_Tech","twitter_site":"@INDPULS_Tech","twitter_misc":{"Escrito por":"Cristina Roda","Tiempo de lectura":"3 minutos"},"schema":{"@context":"https:\/\/schema.org","@graph":[{"@type":"Article","@id":"https:\/\/indpuls.tech\/en\/blog\/la-ia-tiene-un-potencial-de-transformacion-extraordinario-pero-no-es-un-fin-en-si-mismo-para-las-empresas-xavier-marcet\/#article","isPartOf":{"@id":"https:\/\/indpuls.tech\/en\/blog\/la-ia-tiene-un-potencial-de-transformacion-extraordinario-pero-no-es-un-fin-en-si-mismo-para-las-empresas-xavier-marcet\/"},"author":{"name":"Cristina Roda","@id":"https:\/\/indpuls.tech\/en\/#\/schema\/person\/bec5bf4fda16aaaa1e4e8ab0729228c9"},"headline":"La IA tiene un potencial de transformaci\u00f3n extraordinario, pero no es un fin en s\u00ed mismo para las empresas. Xavier Marcet.","datePublished":"2026-03-18T07:54:00+00:00","dateModified":"2026-03-19T15:42:44+00:00","mainEntityOfPage":{"@id":"https:\/\/indpuls.tech\/en\/blog\/la-ia-tiene-un-potencial-de-transformacion-extraordinario-pero-no-es-un-fin-en-si-mismo-para-las-empresas-xavier-marcet\/"},"wordCount":537,"publisher":{"@id":"https:\/\/indpuls.tech\/en\/#organization"},"image":{"@id":"https:\/\/indpuls.tech\/en\/blog\/la-ia-tiene-un-potencial-de-transformacion-extraordinario-pero-no-es-un-fin-en-si-mismo-para-las-empresas-xavier-marcet\/#primaryimage"},"thumbnailUrl":"https:\/\/indpuls.tech\/wp-content\/uploads\/2026\/03\/cap_xavier_marcet_blog.jpg","articleSection":["AI Adoption Program","Management"],"inLanguage":"es"},{"@type":"WebPage","@id":"https:\/\/indpuls.tech\/en\/blog\/la-ia-tiene-un-potencial-de-transformacion-extraordinario-pero-no-es-un-fin-en-si-mismo-para-las-empresas-xavier-marcet\/","url":"https:\/\/indpuls.tech\/en\/blog\/la-ia-tiene-un-potencial-de-transformacion-extraordinario-pero-no-es-un-fin-en-si-mismo-para-las-empresas-xavier-marcet\/","name":"La IA tiene un potencial de transformaci\u00f3n extraordinario, pero no es un fin en s\u00ed mismo para las empresas. Xavier Marcet. - INDPULS | Innovaci\u00f3n colaborativa entre startups y empresas","isPartOf":{"@id":"https:\/\/indpuls.tech\/en\/#website"},"primaryImageOfPage":{"@id":"https:\/\/indpuls.tech\/en\/blog\/la-ia-tiene-un-potencial-de-transformacion-extraordinario-pero-no-es-un-fin-en-si-mismo-para-las-empresas-xavier-marcet\/#primaryimage"},"image":{"@id":"https:\/\/indpuls.tech\/en\/blog\/la-ia-tiene-un-potencial-de-transformacion-extraordinario-pero-no-es-un-fin-en-si-mismo-para-las-empresas-xavier-marcet\/#primaryimage"},"thumbnailUrl":"https:\/\/indpuls.tech\/wp-content\/uploads\/2026\/03\/cap_xavier_marcet_blog.jpg","datePublished":"2026-03-18T07:54:00+00:00","dateModified":"2026-03-19T15:42:44+00:00","description":"En el marco de la jornada de clausura del AI Adoption Program 2025-2026, un proyecto financiado por el Plan de Recuperaci\u00f3n, Transformaci\u00f3n y Resiliencia - Financiado por la Uni\u00f3n Europea - NextGenerationEU, Xavier Marcet ofreci\u00f3 una conferencia que aport\u00f3 perspectiva estrat\u00e9gica en un momento de fuerte aceleraci\u00f3n tecnol\u00f3gica.","breadcrumb":{"@id":"https:\/\/indpuls.tech\/en\/blog\/la-ia-tiene-un-potencial-de-transformacion-extraordinario-pero-no-es-un-fin-en-si-mismo-para-las-empresas-xavier-marcet\/#breadcrumb"},"inLanguage":"es","potentialAction":[{"@type":"ReadAction","target":["https:\/\/indpuls.tech\/en\/blog\/la-ia-tiene-un-potencial-de-transformacion-extraordinario-pero-no-es-un-fin-en-si-mismo-para-las-empresas-xavier-marcet\/"]}]},{"@type":"ImageObject","inLanguage":"es","@id":"https:\/\/indpuls.tech\/en\/blog\/la-ia-tiene-un-potencial-de-transformacion-extraordinario-pero-no-es-un-fin-en-si-mismo-para-las-empresas-xavier-marcet\/#primaryimage","url":"https:\/\/indpuls.tech\/wp-content\/uploads\/2026\/03\/cap_xavier_marcet_blog.jpg","contentUrl":"https:\/\/indpuls.tech\/wp-content\/uploads\/2026\/03\/cap_xavier_marcet_blog.jpg","width":1200,"height":600,"caption":"Xavier Marcet"},{"@type":"BreadcrumbList","@id":"https:\/\/indpuls.tech\/en\/blog\/la-ia-tiene-un-potencial-de-transformacion-extraordinario-pero-no-es-un-fin-en-si-mismo-para-las-empresas-xavier-marcet\/#breadcrumb","itemListElement":[{"@type":"ListItem","position":1,"name":"Home","item":"https:\/\/indpuls.tech\/es\/"},{"@type":"ListItem","position":2,"name":"La IA tiene un potencial de transformaci\u00f3n extraordinario, pero no es un fin en s\u00ed mismo para las empresas. Xavier Marcet."}]},{"@type":"WebSite","@id":"https:\/\/indpuls.tech\/en\/#website","url":"https:\/\/indpuls.tech\/en\/","name":"INDPULS","description":"En Indpuls apostamos por el compromiso con la innovaci\u00f3n y el crecimiento empresarial sostenible en el nuevo ecosistema digital.","publisher":{"@id":"https:\/\/indpuls.tech\/en\/#organization"},"potentialAction":[{"@type":"SearchAction","target":{"@type":"EntryPoint","urlTemplate":"https:\/\/indpuls.tech\/en\/?s={search_term_string}"},"query-input":{"@type":"PropertyValueSpecification","valueRequired":true,"valueName":"search_term_string"}}],"inLanguage":"es"},{"@type":"Organization","@id":"https:\/\/indpuls.tech\/en\/#organization","name":"INDPULS","url":"https:\/\/indpuls.tech\/en\/","logo":{"@type":"ImageObject","inLanguage":"es","@id":"https:\/\/indpuls.tech\/en\/#\/schema\/logo\/image\/","url":"https:\/\/indpuls.tech\/wp-content\/uploads\/2024\/08\/header-logo.svg","contentUrl":"https:\/\/indpuls.tech\/wp-content\/uploads\/2024\/08\/header-logo.svg","width":204,"height":27,"caption":"INDPULS"},"image":{"@id":"https:\/\/indpuls.tech\/en\/#\/schema\/logo\/image\/"},"sameAs":["https:\/\/x.com\/INDPULS_Tech","https:\/\/www.linkedin.com\/company\/indpuls-tech\/"]},{"@type":"Person","@id":"https:\/\/indpuls.tech\/en\/#\/schema\/person\/bec5bf4fda16aaaa1e4e8ab0729228c9","name":"Cristina Roda","image":{"@type":"ImageObject","inLanguage":"es","@id":"https:\/\/secure.gravatar.com\/avatar\/276efd9cf152d89c663dd6217f0fe9650c02ebd28eac742a0a7ae3e956679e48?s=96&d=mm&r=g","url":"https:\/\/secure.gravatar.com\/avatar\/276efd9cf152d89c663dd6217f0fe9650c02ebd28eac742a0a7ae3e956679e48?s=96&d=mm&r=g","contentUrl":"https:\/\/secure.gravatar.com\/avatar\/276efd9cf152d89c663dd6217f0fe9650c02ebd28eac742a0a7ae3e956679e48?s=96&d=mm&r=g","caption":"Cristina Roda"}}]}},"_links":{"self":[{"href":"https:\/\/indpuls.tech\/es\/wp-json\/wp\/v2\/posts\/8924","targetHints":{"allow":["GET"]}}],"collection":[{"href":"https:\/\/indpuls.tech\/es\/wp-json\/wp\/v2\/posts"}],"about":[{"href":"https:\/\/indpuls.tech\/es\/wp-json\/wp\/v2\/types\/post"}],"author":[{"embeddable":true,"href":"https:\/\/indpuls.tech\/es\/wp-json\/wp\/v2\/users\/8"}],"replies":[{"embeddable":true,"href":"https:\/\/indpuls.tech\/es\/wp-json\/wp\/v2\/comments?post=8924"}],"version-history":[{"count":10,"href":"https:\/\/indpuls.tech\/es\/wp-json\/wp\/v2\/posts\/8924\/revisions"}],"predecessor-version":[{"id":9009,"href":"https:\/\/indpuls.tech\/es\/wp-json\/wp\/v2\/posts\/8924\/revisions\/9009"}],"wp:featuredmedia":[{"embeddable":true,"href":"https:\/\/indpuls.tech\/es\/wp-json\/wp\/v2\/media\/8915"}],"wp:attachment":[{"href":"https:\/\/indpuls.tech\/es\/wp-json\/wp\/v2\/media?parent=8924"}],"wp:term":[{"taxonomy":"category","embeddable":true,"href":"https:\/\/indpuls.tech\/es\/wp-json\/wp\/v2\/categories?post=8924"},{"taxonomy":"post_tag","embeddable":true,"href":"https:\/\/indpuls.tech\/es\/wp-json\/wp\/v2\/tags?post=8924"}],"curies":[{"name":"wp","href":"https:\/\/api.w.org\/{rel}","templated":true}]}}